{"id":57899,"date":"2017-07-04T12:17:45","date_gmt":"2017-07-04T10:17:45","guid":{"rendered":"https:\/\/www.irta.cat\/noticia\/investigadores-del-irta-participan-en-una-jornada-sobre-fruticultura-ecologica-en-alfarras\/"},"modified":"2024-11-06T09:21:26","modified_gmt":"2024-11-06T08:21:26","slug":"investigadores-del-irta-participan-en-una-jornada-sobre-fruticultura-ecologica-en-alfarras","status":"publish","type":"noticia","link":"https:\/\/www.irta.cat\/es\/noticia\/investigadores-del-irta-participan-en-una-jornada-sobre-fruticultura-ecologica-en-alfarras\/","title":{"rendered":"Investigadores del IRTA participan en una jornada sobre fruticultura ecol\u00f3gica en Alfarr\u00e1s"},"content":{"rendered":"<div id=\"ctl00_PlaceHolderMain_ctl05__ControlWrapper_RichHtmlField\">\n<div id=\"ctl00_PlaceHolderMain_ctl05__ControlWrapper_RichHtmlField\">\n<p><img loading=\"lazy\" decoding=\"async\" class=\"aligncenter size-full wp-image-10985\" src=\"https:\/\/www.irta.cat\/wp-content\/uploads\/2023\/01\/jornada-fructicultura-ecologica.png\" alt=\"\" width=\"556\" height=\"332\" \/><\/p>\n<div id=\"ctl00_PlaceHolderMain_ctl03__ControlWrapper_RichImageField\">\u00a0<span lang=\"ES\">El pasado 8 de junio se celebr\u00f3 en la Escuela Agraria de Alfarr\u00e1s (Lleida) la IX Jornada de fruticultura ecol\u00f3gica que organiz\u00f3 el propio centro del Departamento de Agricultura, Ganader\u00eda, Pesca y Alimentaci\u00f3 (DARP), y el IRTA. <\/span><\/div>\n<div id=\"ctl00_PlaceHolderMain_ctl05__ControlWrapper_RichHtmlField\">\n<p><span lang=\"ES\">La audiencia fue muy numerosa y los asistentes participaron muy activamente en cada una de las seis presentaciones t\u00e9cnicas, la mayor\u00eda de las cuales relacionadas con protecci\u00f3n sanitaria, control biol\u00f3gico de plagas y conocimientos de la importancia de la flora como reservorio de fauna auxiliar. <\/span><\/p>\n<p><span lang=\"ES\">Particparon investigadores de los programas de Fructicultura y Protecci\u00f3n Vegetal Sostenible de los centros IRTA de Mas Badia (Girona) i Fruitcentre (Lleida).<\/span><\/p>\n<\/div>\n<\/div>\n<\/div>\n","protected":false},"featured_media":12913,"template":"","categoria_noticia":[],"etiqueta_filtrar_noticia":[],"class_list":["post-57899","noticia","type-noticia","status-publish","has-post-thumbnail","hentry"],"acf":[],"yoast_head":"<!-- This site is optimized with the Yoast SEO plugin v26.6 - https:\/\/yoast.com\/wordpress\/plugins\/seo\/ -->\r\n<title>Investigadores del IRTA participan en una jornada sobre fruticultura ecol\u00f3gica en Alfarr\u00e1s &#187; IRTA<\/title>\r\n<meta name=\"robots\" content=\"index, follow, max-snippet:-1, max-image-preview:large, max-video-preview:-1\" \/>\r\n<link rel=\"canonical\" href=\"https:\/\/www.irta.cat\/es\/noticia\/investigadores-del-irta-participan-en-una-jornada-sobre-fruticultura-ecologica-en-alfarras\/\" \/>\r\n<meta property=\"og:locale\" content=\"es_ES\" \/>\r\n<meta property=\"og:type\" content=\"article\" \/>\r\n<meta property=\"og:title\" content=\"Investigadores del IRTA participan en una jornada sobre fruticultura ecol\u00f3gica en Alfarr\u00e1s &#187; IRTA\" \/>\r\n<meta property=\"og:description\" content=\"\u00a0El pasado 8 de junio se celebr\u00f3 en la Escuela Agraria de Alfarr\u00e1s (Lleida) la IX Jornada de fruticultura ecol\u00f3gica que organiz\u00f3 el propio centro del Departamento de Agricultura, Ganader\u00eda, Pesca y Alimentaci\u00f3 (DARP), y el IRTA. La audiencia fue muy numerosa y los asistentes participaron muy activamente en cada una de las seis presentaciones [&hellip;]\" \/>\r\n<meta property=\"og:url\" content=\"https:\/\/www.irta.cat\/es\/noticia\/investigadores-del-irta-participan-en-una-jornada-sobre-fruticultura-ecologica-en-alfarras\/\" \/>\r\n<meta property=\"og:site_name\" content=\"IRTA\" \/>\r\n<meta property=\"article:publisher\" content=\"https:\/\/www.facebook.com\/irtacat\" \/>\r\n<meta property=\"article:modified_time\" content=\"2024-11-06T08:21:26+00:00\" \/>\r\n<meta property=\"og:image\" content=\"https:\/\/www.irta.cat\/wp-content\/uploads\/2023\/01\/jornada-fructicultura-ecologica.png\" \/>\r\n\t<meta property=\"og:image:width\" content=\"556\" \/>\r\n\t<meta property=\"og:image:height\" content=\"332\" \/>\r\n\t<meta property=\"og:image:type\" content=\"image\/png\" \/>\r\n<meta name=\"twitter:card\" content=\"summary_large_image\" \/>\r\n<meta name=\"twitter:site\" content=\"@irtacat\" \/>\r\n<meta name=\"twitter:label1\" content=\"Tiempo de lectura\" \/>\n\t<meta name=\"twitter:data1\" content=\"1 minuto\" \/>\r\n<script type=\"application\/ld+json\" class=\"yoast-schema-graph\">{\"@context\":\"https:\/\/schema.org\",\"@graph\":[{\"@type\":\"WebPage\",\"@id\":\"https:\/\/www.irta.cat\/es\/noticia\/investigadores-del-irta-participan-en-una-jornada-sobre-fruticultura-ecologica-en-alfarras\/\",\"url\":\"https:\/\/www.irta.cat\/es\/noticia\/investigadores-del-irta-participan-en-una-jornada-sobre-fruticultura-ecologica-en-alfarras\/\",\"name\":\"Investigadores del IRTA participan en una jornada sobre fruticultura ecol\u00f3gica en Alfarr\u00e1s &#187; IRTA\",\"isPartOf\":{\"@id\":\"https:\/\/www.irta.cat\/es\/#website\"},\"primaryImageOfPage\":{\"@id\":\"https:\/\/www.irta.cat\/es\/noticia\/investigadores-del-irta-participan-en-una-jornada-sobre-fruticultura-ecologica-en-alfarras\/#primaryimage\"},\"image\":{\"@id\":\"https:\/\/www.irta.cat\/es\/noticia\/investigadores-del-irta-participan-en-una-jornada-sobre-fruticultura-ecologica-en-alfarras\/#primaryimage\"},\"thumbnailUrl\":\"https:\/\/www.irta.cat\/wp-content\/uploads\/2023\/01\/jornada-fructicultura-ecologica.png\",\"datePublished\":\"2017-07-04T10:17:45+00:00\",\"dateModified\":\"2024-11-06T08:21:26+00:00\",\"breadcrumb\":{\"@id\":\"https:\/\/www.irta.cat\/es\/noticia\/investigadores-del-irta-participan-en-una-jornada-sobre-fruticultura-ecologica-en-alfarras\/#breadcrumb\"},\"inLanguage\":\"es\",\"potentialAction\":[{\"@type\":\"ReadAction\",\"target\":[\"https:\/\/www.irta.cat\/es\/noticia\/investigadores-del-irta-participan-en-una-jornada-sobre-fruticultura-ecologica-en-alfarras\/\"]}]},{\"@type\":\"ImageObject\",\"inLanguage\":\"es\",\"@id\":\"https:\/\/www.irta.cat\/es\/noticia\/investigadores-del-irta-participan-en-una-jornada-sobre-fruticultura-ecologica-en-alfarras\/#primaryimage\",\"url\":\"https:\/\/www.irta.cat\/wp-content\/uploads\/2023\/01\/jornada-fructicultura-ecologica.png\",\"contentUrl\":\"https:\/\/www.irta.cat\/wp-content\/uploads\/2023\/01\/jornada-fructicultura-ecologica.png\",\"width\":556,\"height\":332},{\"@type\":\"BreadcrumbList\",\"@id\":\"https:\/\/www.irta.cat\/es\/noticia\/investigadores-del-irta-participan-en-una-jornada-sobre-fruticultura-ecologica-en-alfarras\/#breadcrumb\",\"itemListElement\":[{\"@type\":\"ListItem\",\"position\":1,\"name\":\"Inici\",\"item\":\"https:\/\/www.irta.cat\/es\/\"},{\"@type\":\"ListItem\",\"position\":2,\"name\":\"Investigadores del IRTA participan en una jornada sobre fruticultura ecol\u00f3gica en Alfarr\u00e1s\"}]},{\"@type\":\"WebSite\",\"@id\":\"https:\/\/www.irta.cat\/es\/#website\",\"url\":\"https:\/\/www.irta.cat\/es\/\",\"name\":\"IRTA\",\"description\":\"Institut de Recerca i Tecnologia Agroaliment\u00e0ries\",\"publisher\":{\"@id\":\"https:\/\/www.irta.cat\/es\/#organization\"},\"alternateName\":\"%%sitename%% %%sep%% %%title%%\",\"potentialAction\":[{\"@type\":\"SearchAction\",\"target\":{\"@type\":\"EntryPoint\",\"urlTemplate\":\"https:\/\/www.irta.cat\/es\/?s={search_term_string}\"},\"query-input\":{\"@type\":\"PropertyValueSpecification\",\"valueRequired\":true,\"valueName\":\"search_term_string\"}}],\"inLanguage\":\"es\"},{\"@type\":\"Organization\",\"@id\":\"https:\/\/www.irta.cat\/es\/#organization\",\"name\":\"IRTA\",\"url\":\"https:\/\/www.irta.cat\/es\/\",\"logo\":{\"@type\":\"ImageObject\",\"inLanguage\":\"es\",\"@id\":\"https:\/\/www.irta.cat\/es\/#\/schema\/logo\/image\/\",\"url\":\"https:\/\/www.irta.cat\/wp-content\/uploads\/2023\/04\/Logo-IRTA-verm.png\",\"contentUrl\":\"https:\/\/www.irta.cat\/wp-content\/uploads\/2023\/04\/Logo-IRTA-verm.png\",\"width\":1250,\"height\":500,\"caption\":\"IRTA\"},\"image\":{\"@id\":\"https:\/\/www.irta.cat\/es\/#\/schema\/logo\/image\/\"},\"sameAs\":[\"https:\/\/www.facebook.com\/irtacat\",\"https:\/\/x.com\/irtacat\"]}]}<\/script>\r\n<!-- \/ Yoast SEO plugin. -->","yoast_head_json":{"title":"Investigadores del IRTA participan en una jornada sobre fruticultura ecol\u00f3gica en Alfarr\u00e1s &#187; IRTA","robots":{"index":"index","follow":"follow","max-snippet":"max-snippet:-1","max-image-preview":"max-image-preview:large","max-video-preview":"max-video-preview:-1"},"canonical":"https:\/\/www.irta.cat\/es\/noticia\/investigadores-del-irta-participan-en-una-jornada-sobre-fruticultura-ecologica-en-alfarras\/","og_locale":"es_ES","og_type":"article","og_title":"Investigadores del IRTA participan en una jornada sobre fruticultura ecol\u00f3gica en Alfarr\u00e1s &#187; IRTA","og_description":"\u00a0El pasado 8 de junio se celebr\u00f3 en la Escuela Agraria de Alfarr\u00e1s (Lleida) la IX Jornada de fruticultura ecol\u00f3gica que organiz\u00f3 el propio centro del Departamento de Agricultura, Ganader\u00eda, Pesca y Alimentaci\u00f3 (DARP), y el IRTA. La audiencia fue muy numerosa y los asistentes participaron muy activamente en cada una de las seis presentaciones [&hellip;]","og_url":"https:\/\/www.irta.cat\/es\/noticia\/investigadores-del-irta-participan-en-una-jornada-sobre-fruticultura-ecologica-en-alfarras\/","og_site_name":"IRTA","article_publisher":"https:\/\/www.facebook.com\/irtacat","article_modified_time":"2024-11-06T08:21:26+00:00","og_image":[{"width":556,"height":332,"url":"https:\/\/www.irta.cat\/wp-content\/uploads\/2023\/01\/jornada-fructicultura-ecologica.png","type":"image\/png"}],"twitter_card":"summary_large_image","twitter_site":"@irtacat","twitter_misc":{"Tiempo de lectura":"1 minuto"},"schema":{"@context":"https:\/\/schema.org","@graph":[{"@type":"WebPage","@id":"https:\/\/www.irta.cat\/es\/noticia\/investigadores-del-irta-participan-en-una-jornada-sobre-fruticultura-ecologica-en-alfarras\/","url":"https:\/\/www.irta.cat\/es\/noticia\/investigadores-del-irta-participan-en-una-jornada-sobre-fruticultura-ecologica-en-alfarras\/","name":"Investigadores del IRTA participan en una jornada sobre fruticultura ecol\u00f3gica en Alfarr\u00e1s &#187; IRTA","isPartOf":{"@id":"https:\/\/www.irta.cat\/es\/#website"},"primaryImageOfPage":{"@id":"https:\/\/www.irta.cat\/es\/noticia\/investigadores-del-irta-participan-en-una-jornada-sobre-fruticultura-ecologica-en-alfarras\/#primaryimage"},"image":{"@id":"https:\/\/www.irta.cat\/es\/noticia\/investigadores-del-irta-participan-en-una-jornada-sobre-fruticultura-ecologica-en-alfarras\/#primaryimage"},"thumbnailUrl":"https:\/\/www.irta.cat\/wp-content\/uploads\/2023\/01\/jornada-fructicultura-ecologica.png","datePublished":"2017-07-04T10:17:45+00:00","dateModified":"2024-11-06T08:21:26+00:00","breadcrumb":{"@id":"https:\/\/www.irta.cat\/es\/noticia\/investigadores-del-irta-participan-en-una-jornada-sobre-fruticultura-ecologica-en-alfarras\/#breadcrumb"},"inLanguage":"es","potentialAction":[{"@type":"ReadAction","target":["https:\/\/www.irta.cat\/es\/noticia\/investigadores-del-irta-participan-en-una-jornada-sobre-fruticultura-ecologica-en-alfarras\/"]}]},{"@type":"ImageObject","inLanguage":"es","@id":"https:\/\/www.irta.cat\/es\/noticia\/investigadores-del-irta-participan-en-una-jornada-sobre-fruticultura-ecologica-en-alfarras\/#primaryimage","url":"https:\/\/www.irta.cat\/wp-content\/uploads\/2023\/01\/jornada-fructicultura-ecologica.png","contentUrl":"https:\/\/www.irta.cat\/wp-content\/uploads\/2023\/01\/jornada-fructicultura-ecologica.png","width":556,"height":332},{"@type":"BreadcrumbList","@id":"https:\/\/www.irta.cat\/es\/noticia\/investigadores-del-irta-participan-en-una-jornada-sobre-fruticultura-ecologica-en-alfarras\/#breadcrumb","itemListElement":[{"@type":"ListItem","position":1,"name":"Inici","item":"https:\/\/www.irta.cat\/es\/"},{"@type":"ListItem","position":2,"name":"Investigadores del IRTA participan en una jornada sobre fruticultura ecol\u00f3gica en Alfarr\u00e1s"}]},{"@type":"WebSite","@id":"https:\/\/www.irta.cat\/es\/#website","url":"https:\/\/www.irta.cat\/es\/","name":"IRTA","description":"Institut de Recerca i Tecnologia Agroaliment\u00e0ries","publisher":{"@id":"https:\/\/www.irta.cat\/es\/#organization"},"alternateName":"%%sitename%% %%sep%% %%title%%","potentialAction":[{"@type":"SearchAction","target":{"@type":"EntryPoint","urlTemplate":"https:\/\/www.irta.cat\/es\/?s={search_term_string}"},"query-input":{"@type":"PropertyValueSpecification","valueRequired":true,"valueName":"search_term_string"}}],"inLanguage":"es"},{"@type":"Organization","@id":"https:\/\/www.irta.cat\/es\/#organization","name":"IRTA","url":"https:\/\/www.irta.cat\/es\/","logo":{"@type":"ImageObject","inLanguage":"es","@id":"https:\/\/www.irta.cat\/es\/#\/schema\/logo\/image\/","url":"https:\/\/www.irta.cat\/wp-content\/uploads\/2023\/04\/Logo-IRTA-verm.png","contentUrl":"https:\/\/www.irta.cat\/wp-content\/uploads\/2023\/04\/Logo-IRTA-verm.png","width":1250,"height":500,"caption":"IRTA"},"image":{"@id":"https:\/\/www.irta.cat\/es\/#\/schema\/logo\/image\/"},"sameAs":["https:\/\/www.facebook.com\/irtacat","https:\/\/x.com\/irtacat"]}]}},"_links":{"self":[{"href":"https:\/\/www.irta.cat\/es\/wp-json\/wp\/v2\/noticia\/57899","targetHints":{"allow":["GET"]}}],"collection":[{"href":"https:\/\/www.irta.cat\/es\/wp-json\/wp\/v2\/noticia"}],"about":[{"href":"https:\/\/www.irta.cat\/es\/wp-json\/wp\/v2\/types\/noticia"}],"version-history":[{"count":0,"href":"https:\/\/www.irta.cat\/es\/wp-json\/wp\/v2\/noticia\/57899\/revisions"}],"wp:featuredmedia":[{"embeddable":true,"href":"https:\/\/www.irta.cat\/es\/wp-json\/wp\/v2\/media\/12913"}],"wp:attachment":[{"href":"https:\/\/www.irta.cat\/es\/wp-json\/wp\/v2\/media?parent=57899"}],"wp:term":[{"taxonomy":"categoria_noticia","embeddable":true,"href":"https:\/\/www.irta.cat\/es\/wp-json\/wp\/v2\/categoria_noticia?post=57899"},{"taxonomy":"etiqueta_filtrar_noticia","embeddable":true,"href":"https:\/\/www.irta.cat\/es\/wp-json\/wp\/v2\/etiqueta_filtrar_noticia?post=57899"}],"curies":[{"name":"wp","href":"https:\/\/api.w.org\/{rel}","templated":true}]}}