{"id":57861,"date":"2017-05-05T10:22:53","date_gmt":"2017-05-05T08:22:53","guid":{"rendered":"https:\/\/www.irta.cat\/noticia\/empieza-la-segunda-fase-de-inyeccion-de-sedimentos-al-rio-ebro-para-evitar-la-regresion-y-subsidencia-de-su-delta\/"},"modified":"2024-11-06T09:20:23","modified_gmt":"2024-11-06T08:20:23","slug":"empieza-la-segunda-fase-de-inyeccion-de-sedimentos-al-rio-ebro-para-evitar-la-regresion-y-subsidencia-de-su-delta","status":"publish","type":"noticia","link":"https:\/\/www.irta.cat\/es\/noticia\/empieza-la-segunda-fase-de-inyeccion-de-sedimentos-al-rio-ebro-para-evitar-la-regresion-y-subsidencia-de-su-delta\/","title":{"rendered":"Empieza la segunda fase de inyecci\u00f3n de sedimentos al r\u00edo Ebro para evitar la regresi\u00f3n y subsidencia de su delta"},"content":{"rendered":"<div id=\"ctl00_PlaceHolderMain_ctl05__ControlWrapper_RichHtmlField\">\n<p><b><img loading=\"lazy\" decoding=\"async\" class=\"alignright wp-image-10663 size-medium\" src=\"https:\/\/www.irta.cat\/wp-content\/uploads\/2023\/01\/sediments.jpg\" alt=\"\" width=\"400\" height=\"307\" \/><\/b><\/p>\n<div id=\"ctl00_PlaceHolderMain_ctl05__ControlWrapper_RichHtmlField\">\n<p><span lang=\"ES\"><strong>Los trabajos est\u00e1n programados dentro del proyecto LIFE Ebro-Admiclim, liderado por el IRTA<\/strong><\/span><\/p>\n<p><span lang=\"ES\"><strong>La iniciativa es una de las distintas pruebas piloto que se realizaran para mitigar y adaptar los efectos del cambio clim\u00e1tico sobre el Delta<\/strong><\/span><\/p>\n<p><span lang=\"ES\">Los d\u00edas 3 y 4 de mayo se llev\u00f3 a cabo una prueba de inyecci\u00f3n de sedimentos al r\u00edo Ebro, dividida en dos fases. El mi\u00e9rcoles 3 de mayo se iniciaron los trabajos con la inyecci\u00f3n de unas 40 toneladas de arena al r\u00edo Ebro, que presenta un caudal de 600m3\/s. Esta prueba se repiti\u00f3 el viernes 5 de mayo en Benifallet, con un volumen de sedimento y un caudal circular parecidos. Despu\u00e9s de la descarga, se har\u00e1 un seguimiento de la evoluci\u00f3n de la turbidez del agua mediante muestreos e im\u00e1genes registradas con drones.<\/span><\/p>\n<p><span lang=\"ES\">Estas pruebas servir\u00e1n para calibrar un modelo de transporte de sedimentos tiene por objetivo dise\u00f1ar y analizar la viabilidad de distintas alternativas para aportar sedimentos desde el embalse de Riba-roja. <\/span><\/p>\n<p><span lang=\"ES\">El modelo en desarrollo tambi\u00e9n contempla la posibilidad de aportar sedimentos de la planta potabilizadora del Consorcio de Aguas de Tarragona (CAT) directamente a los canales de riego. Este volumen ha calibrado mediante la realizaci\u00f3n de dos pruebas de inyecci\u00f3n realizadas durante el a\u00f1o 2016, donde se comprob\u00f3 que la calidad de esos sedimentos es buena y que se pueden utilizar para ser inyectados de forma controlada a los canales de riego.<\/span><\/p>\n<p><span lang=\"ES\">Este modelo est\u00e1 siendo desarrollado por la Universidad de C\u00f3rdoba dentro del marco del proyecto europeo <a title=\"\" href=\"http:\/\/www.lifeebroadmiclim.eu\/\" target=\"_blank\" rel=\"noopener noreferrer\">LIFE EbroAdmiclim<\/a>, liderado por el IRTA. Esta iniciativa plantea acciones piloto de mitigaci\u00f3n y adaptaci\u00f3n al cambio clim\u00e1tico del delta del Ebro mediante un enfoque de gesti\u00f3n integrada del agua, del sedimento y de los h\u00e1bitats (arrozales y zonas h\u00famedas).<\/span><\/p>\n<p><span lang=\"ES\">Las principales acciones piloto de adaptaci\u00f3n est\u00e1n orientadas a la aportaci\u00f3n de sedimentos del rio hacia el delta. El objetivo es demostrar la viabilidad de restaurar el flujo de sedimentos de forma permanente, tanto desde una planta potabilizadora de agua del Ebro (CAT), como desde los embalses del tramo final del r\u00edo, por lo que se requiere en primer lugar disponer de una buena evaluaci\u00f3n de la capacidad de transporte del r\u00edo y de los canales. Los resultados de estas pruebas servir\u00e1n para establecer las directrices de un plan de adaptaci\u00f3n y mitigaci\u00f3n del Delta del Ebro, que desarrollar\u00e1 la Oficina Catalana del Cambio Clim\u00e1tico.<\/span><\/p>\n<p><span lang=\"ES\">Este proyecto est\u00e1 liderado por el IRTA y participa la Agencia Catalana del Agua (ACA), la Oficina Catalana del Cambio Clim\u00e1tico, el Instituto Cartogr\u00e1fico y Geol\u00f3gico de Catalu\u00f1a, el Consorcio de Aguas de Tarragona y los regantes del margen izquierdo del Delta.<\/span><\/p>\n<p><span lang=\"ES\">La ACA ha firmado un convenio con el IRTA para analizar cu\u00e1les deber\u00edan ser los caudales de crecida que se tendr\u00edan que conseguir para transportar estos sedimentos y poder determinar la cantidad de agua adecuada para complementen el r\u00e9gimen de caudales ecol\u00f3gicos al tramo final del Ebro.<\/span><\/p>\n<\/div>\n<\/div>\n","protected":false},"featured_media":12962,"template":"","categoria_noticia":[],"etiqueta_filtrar_noticia":[],"class_list":["post-57861","noticia","type-noticia","status-publish","has-post-thumbnail","hentry"],"acf":[],"yoast_head":"<!-- This site is optimized with the Yoast SEO plugin v26.6 - https:\/\/yoast.com\/wordpress\/plugins\/seo\/ -->\r\n<title>Empieza la segunda fase de inyecci\u00f3n de sedimentos al r\u00edo Ebro para evitar la regresi\u00f3n y subsidencia de su delta &#187; IRTA<\/title>\r\n<meta name=\"robots\" content=\"index, follow, max-snippet:-1, max-image-preview:large, max-video-preview:-1\" \/>\r\n<link rel=\"canonical\" href=\"https:\/\/www.irta.cat\/es\/noticia\/empieza-la-segunda-fase-de-inyeccion-de-sedimentos-al-rio-ebro-para-evitar-la-regresion-y-subsidencia-de-su-delta\/\" \/>\r\n<meta property=\"og:locale\" content=\"es_ES\" \/>\r\n<meta property=\"og:type\" content=\"article\" \/>\r\n<meta property=\"og:title\" content=\"Empieza la segunda fase de inyecci\u00f3n de sedimentos al r\u00edo Ebro para evitar la regresi\u00f3n y subsidencia de su delta &#187; IRTA\" \/>\r\n<meta property=\"og:description\" content=\"Los trabajos est\u00e1n programados dentro del proyecto LIFE Ebro-Admiclim, liderado por el IRTA La iniciativa es una de las distintas pruebas piloto que se realizaran para mitigar y adaptar los efectos del cambio clim\u00e1tico sobre el Delta Los d\u00edas 3 y 4 de mayo se llev\u00f3 a cabo una prueba de inyecci\u00f3n de sedimentos al [&hellip;]\" \/>\r\n<meta property=\"og:url\" content=\"https:\/\/www.irta.cat\/es\/noticia\/empieza-la-segunda-fase-de-inyeccion-de-sedimentos-al-rio-ebro-para-evitar-la-regresion-y-subsidencia-de-su-delta\/\" \/>\r\n<meta property=\"og:site_name\" content=\"IRTA\" \/>\r\n<meta property=\"article:publisher\" content=\"https:\/\/www.facebook.com\/irtacat\" \/>\r\n<meta property=\"article:modified_time\" content=\"2024-11-06T08:20:23+00:00\" \/>\r\n<meta property=\"og:image\" content=\"https:\/\/www.irta.cat\/wp-content\/uploads\/2023\/01\/sediments.jpg\" \/>\r\n\t<meta property=\"og:image:width\" content=\"1229\" \/>\r\n\t<meta property=\"og:image:height\" content=\"943\" \/>\r\n\t<meta property=\"og:image:type\" content=\"image\/jpeg\" \/>\r\n<meta name=\"twitter:card\" content=\"summary_large_image\" \/>\r\n<meta name=\"twitter:site\" content=\"@irtacat\" \/>\r\n<meta name=\"twitter:label1\" content=\"Tiempo de lectura\" \/>\n\t<meta name=\"twitter:data1\" content=\"3 minutos\" \/>\r\n<script type=\"application\/ld+json\" class=\"yoast-schema-graph\">{\"@context\":\"https:\/\/schema.org\",\"@graph\":[{\"@type\":\"WebPage\",\"@id\":\"https:\/\/www.irta.cat\/es\/noticia\/empieza-la-segunda-fase-de-inyeccion-de-sedimentos-al-rio-ebro-para-evitar-la-regresion-y-subsidencia-de-su-delta\/\",\"url\":\"https:\/\/www.irta.cat\/es\/noticia\/empieza-la-segunda-fase-de-inyeccion-de-sedimentos-al-rio-ebro-para-evitar-la-regresion-y-subsidencia-de-su-delta\/\",\"name\":\"Empieza la segunda fase de inyecci\u00f3n de sedimentos al r\u00edo Ebro para evitar la regresi\u00f3n y subsidencia de su delta &#187; IRTA\",\"isPartOf\":{\"@id\":\"https:\/\/www.irta.cat\/es\/#website\"},\"primaryImageOfPage\":{\"@id\":\"https:\/\/www.irta.cat\/es\/noticia\/empieza-la-segunda-fase-de-inyeccion-de-sedimentos-al-rio-ebro-para-evitar-la-regresion-y-subsidencia-de-su-delta\/#primaryimage\"},\"image\":{\"@id\":\"https:\/\/www.irta.cat\/es\/noticia\/empieza-la-segunda-fase-de-inyeccion-de-sedimentos-al-rio-ebro-para-evitar-la-regresion-y-subsidencia-de-su-delta\/#primaryimage\"},\"thumbnailUrl\":\"https:\/\/www.irta.cat\/wp-content\/uploads\/2023\/01\/sediments.jpg\",\"datePublished\":\"2017-05-05T08:22:53+00:00\",\"dateModified\":\"2024-11-06T08:20:23+00:00\",\"breadcrumb\":{\"@id\":\"https:\/\/www.irta.cat\/es\/noticia\/empieza-la-segunda-fase-de-inyeccion-de-sedimentos-al-rio-ebro-para-evitar-la-regresion-y-subsidencia-de-su-delta\/#breadcrumb\"},\"inLanguage\":\"es\",\"potentialAction\":[{\"@type\":\"ReadAction\",\"target\":[\"https:\/\/www.irta.cat\/es\/noticia\/empieza-la-segunda-fase-de-inyeccion-de-sedimentos-al-rio-ebro-para-evitar-la-regresion-y-subsidencia-de-su-delta\/\"]}]},{\"@type\":\"ImageObject\",\"inLanguage\":\"es\",\"@id\":\"https:\/\/www.irta.cat\/es\/noticia\/empieza-la-segunda-fase-de-inyeccion-de-sedimentos-al-rio-ebro-para-evitar-la-regresion-y-subsidencia-de-su-delta\/#primaryimage\",\"url\":\"https:\/\/www.irta.cat\/wp-content\/uploads\/2023\/01\/sediments.jpg\",\"contentUrl\":\"https:\/\/www.irta.cat\/wp-content\/uploads\/2023\/01\/sediments.jpg\",\"width\":1229,\"height\":943},{\"@type\":\"BreadcrumbList\",\"@id\":\"https:\/\/www.irta.cat\/es\/noticia\/empieza-la-segunda-fase-de-inyeccion-de-sedimentos-al-rio-ebro-para-evitar-la-regresion-y-subsidencia-de-su-delta\/#breadcrumb\",\"itemListElement\":[{\"@type\":\"ListItem\",\"position\":1,\"name\":\"Inici\",\"item\":\"https:\/\/www.irta.cat\/es\/\"},{\"@type\":\"ListItem\",\"position\":2,\"name\":\"Empieza la segunda fase de inyecci\u00f3n de sedimentos al r\u00edo Ebro para evitar la regresi\u00f3n y subsidencia de su delta\"}]},{\"@type\":\"WebSite\",\"@id\":\"https:\/\/www.irta.cat\/es\/#website\",\"url\":\"https:\/\/www.irta.cat\/es\/\",\"name\":\"IRTA\",\"description\":\"Institut de Recerca i Tecnologia Agroaliment\u00e0ries\",\"publisher\":{\"@id\":\"https:\/\/www.irta.cat\/es\/#organization\"},\"alternateName\":\"%%sitename%% %%sep%% %%title%%\",\"potentialAction\":[{\"@type\":\"SearchAction\",\"target\":{\"@type\":\"EntryPoint\",\"urlTemplate\":\"https:\/\/www.irta.cat\/es\/?s={search_term_string}\"},\"query-input\":{\"@type\":\"PropertyValueSpecification\",\"valueRequired\":true,\"valueName\":\"search_term_string\"}}],\"inLanguage\":\"es\"},{\"@type\":\"Organization\",\"@id\":\"https:\/\/www.irta.cat\/es\/#organization\",\"name\":\"IRTA\",\"url\":\"https:\/\/www.irta.cat\/es\/\",\"logo\":{\"@type\":\"ImageObject\",\"inLanguage\":\"es\",\"@id\":\"https:\/\/www.irta.cat\/es\/#\/schema\/logo\/image\/\",\"url\":\"https:\/\/www.irta.cat\/wp-content\/uploads\/2023\/04\/Logo-IRTA-verm.png\",\"contentUrl\":\"https:\/\/www.irta.cat\/wp-content\/uploads\/2023\/04\/Logo-IRTA-verm.png\",\"width\":1250,\"height\":500,\"caption\":\"IRTA\"},\"image\":{\"@id\":\"https:\/\/www.irta.cat\/es\/#\/schema\/logo\/image\/\"},\"sameAs\":[\"https:\/\/www.facebook.com\/irtacat\",\"https:\/\/x.com\/irtacat\"]}]}<\/script>\r\n<!-- \/ Yoast SEO plugin. -->","yoast_head_json":{"title":"Empieza la segunda fase de inyecci\u00f3n de sedimentos al r\u00edo Ebro para evitar la regresi\u00f3n y subsidencia de su delta &#187; IRTA","robots":{"index":"index","follow":"follow","max-snippet":"max-snippet:-1","max-image-preview":"max-image-preview:large","max-video-preview":"max-video-preview:-1"},"canonical":"https:\/\/www.irta.cat\/es\/noticia\/empieza-la-segunda-fase-de-inyeccion-de-sedimentos-al-rio-ebro-para-evitar-la-regresion-y-subsidencia-de-su-delta\/","og_locale":"es_ES","og_type":"article","og_title":"Empieza la segunda fase de inyecci\u00f3n de sedimentos al r\u00edo Ebro para evitar la regresi\u00f3n y subsidencia de su delta &#187; IRTA","og_description":"Los trabajos est\u00e1n programados dentro del proyecto LIFE Ebro-Admiclim, liderado por el IRTA La iniciativa es una de las distintas pruebas piloto que se realizaran para mitigar y adaptar los efectos del cambio clim\u00e1tico sobre el Delta Los d\u00edas 3 y 4 de mayo se llev\u00f3 a cabo una prueba de inyecci\u00f3n de sedimentos al [&hellip;]","og_url":"https:\/\/www.irta.cat\/es\/noticia\/empieza-la-segunda-fase-de-inyeccion-de-sedimentos-al-rio-ebro-para-evitar-la-regresion-y-subsidencia-de-su-delta\/","og_site_name":"IRTA","article_publisher":"https:\/\/www.facebook.com\/irtacat","article_modified_time":"2024-11-06T08:20:23+00:00","og_image":[{"width":1229,"height":943,"url":"https:\/\/www.irta.cat\/wp-content\/uploads\/2023\/01\/sediments.jpg","type":"image\/jpeg"}],"twitter_card":"summary_large_image","twitter_site":"@irtacat","twitter_misc":{"Tiempo de lectura":"3 minutos"},"schema":{"@context":"https:\/\/schema.org","@graph":[{"@type":"WebPage","@id":"https:\/\/www.irta.cat\/es\/noticia\/empieza-la-segunda-fase-de-inyeccion-de-sedimentos-al-rio-ebro-para-evitar-la-regresion-y-subsidencia-de-su-delta\/","url":"https:\/\/www.irta.cat\/es\/noticia\/empieza-la-segunda-fase-de-inyeccion-de-sedimentos-al-rio-ebro-para-evitar-la-regresion-y-subsidencia-de-su-delta\/","name":"Empieza la segunda fase de inyecci\u00f3n de sedimentos al r\u00edo Ebro para evitar la regresi\u00f3n y subsidencia de su delta &#187; IRTA","isPartOf":{"@id":"https:\/\/www.irta.cat\/es\/#website"},"primaryImageOfPage":{"@id":"https:\/\/www.irta.cat\/es\/noticia\/empieza-la-segunda-fase-de-inyeccion-de-sedimentos-al-rio-ebro-para-evitar-la-regresion-y-subsidencia-de-su-delta\/#primaryimage"},"image":{"@id":"https:\/\/www.irta.cat\/es\/noticia\/empieza-la-segunda-fase-de-inyeccion-de-sedimentos-al-rio-ebro-para-evitar-la-regresion-y-subsidencia-de-su-delta\/#primaryimage"},"thumbnailUrl":"https:\/\/www.irta.cat\/wp-content\/uploads\/2023\/01\/sediments.jpg","datePublished":"2017-05-05T08:22:53+00:00","dateModified":"2024-11-06T08:20:23+00:00","breadcrumb":{"@id":"https:\/\/www.irta.cat\/es\/noticia\/empieza-la-segunda-fase-de-inyeccion-de-sedimentos-al-rio-ebro-para-evitar-la-regresion-y-subsidencia-de-su-delta\/#breadcrumb"},"inLanguage":"es","potentialAction":[{"@type":"ReadAction","target":["https:\/\/www.irta.cat\/es\/noticia\/empieza-la-segunda-fase-de-inyeccion-de-sedimentos-al-rio-ebro-para-evitar-la-regresion-y-subsidencia-de-su-delta\/"]}]},{"@type":"ImageObject","inLanguage":"es","@id":"https:\/\/www.irta.cat\/es\/noticia\/empieza-la-segunda-fase-de-inyeccion-de-sedimentos-al-rio-ebro-para-evitar-la-regresion-y-subsidencia-de-su-delta\/#primaryimage","url":"https:\/\/www.irta.cat\/wp-content\/uploads\/2023\/01\/sediments.jpg","contentUrl":"https:\/\/www.irta.cat\/wp-content\/uploads\/2023\/01\/sediments.jpg","width":1229,"height":943},{"@type":"BreadcrumbList","@id":"https:\/\/www.irta.cat\/es\/noticia\/empieza-la-segunda-fase-de-inyeccion-de-sedimentos-al-rio-ebro-para-evitar-la-regresion-y-subsidencia-de-su-delta\/#breadcrumb","itemListElement":[{"@type":"ListItem","position":1,"name":"Inici","item":"https:\/\/www.irta.cat\/es\/"},{"@type":"ListItem","position":2,"name":"Empieza la segunda fase de inyecci\u00f3n de sedimentos al r\u00edo Ebro para evitar la regresi\u00f3n y subsidencia de su delta"}]},{"@type":"WebSite","@id":"https:\/\/www.irta.cat\/es\/#website","url":"https:\/\/www.irta.cat\/es\/","name":"IRTA","description":"Institut de Recerca i Tecnologia Agroaliment\u00e0ries","publisher":{"@id":"https:\/\/www.irta.cat\/es\/#organization"},"alternateName":"%%sitename%% %%sep%% %%title%%","potentialAction":[{"@type":"SearchAction","target":{"@type":"EntryPoint","urlTemplate":"https:\/\/www.irta.cat\/es\/?s={search_term_string}"},"query-input":{"@type":"PropertyValueSpecification","valueRequired":true,"valueName":"search_term_string"}}],"inLanguage":"es"},{"@type":"Organization","@id":"https:\/\/www.irta.cat\/es\/#organization","name":"IRTA","url":"https:\/\/www.irta.cat\/es\/","logo":{"@type":"ImageObject","inLanguage":"es","@id":"https:\/\/www.irta.cat\/es\/#\/schema\/logo\/image\/","url":"https:\/\/www.irta.cat\/wp-content\/uploads\/2023\/04\/Logo-IRTA-verm.png","contentUrl":"https:\/\/www.irta.cat\/wp-content\/uploads\/2023\/04\/Logo-IRTA-verm.png","width":1250,"height":500,"caption":"IRTA"},"image":{"@id":"https:\/\/www.irta.cat\/es\/#\/schema\/logo\/image\/"},"sameAs":["https:\/\/www.facebook.com\/irtacat","https:\/\/x.com\/irtacat"]}]}},"_links":{"self":[{"href":"https:\/\/www.irta.cat\/es\/wp-json\/wp\/v2\/noticia\/57861","targetHints":{"allow":["GET"]}}],"collection":[{"href":"https:\/\/www.irta.cat\/es\/wp-json\/wp\/v2\/noticia"}],"about":[{"href":"https:\/\/www.irta.cat\/es\/wp-json\/wp\/v2\/types\/noticia"}],"version-history":[{"count":0,"href":"https:\/\/www.irta.cat\/es\/wp-json\/wp\/v2\/noticia\/57861\/revisions"}],"wp:featuredmedia":[{"embeddable":true,"href":"https:\/\/www.irta.cat\/es\/wp-json\/wp\/v2\/media\/12962"}],"wp:attachment":[{"href":"https:\/\/www.irta.cat\/es\/wp-json\/wp\/v2\/media?parent=57861"}],"wp:term":[{"taxonomy":"categoria_noticia","embeddable":true,"href":"https:\/\/www.irta.cat\/es\/wp-json\/wp\/v2\/categoria_noticia?post=57861"},{"taxonomy":"etiqueta_filtrar_noticia","embeddable":true,"href":"https:\/\/www.irta.cat\/es\/wp-json\/wp\/v2\/etiqueta_filtrar_noticia?post=57861"}],"curies":[{"name":"wp","href":"https:\/\/api.w.org\/{rel}","templated":true}]}}