{"id":135937,"date":"2026-03-26T18:06:28","date_gmt":"2026-03-26T17:06:28","guid":{"rendered":"https:\/\/www.irta.cat\/noticia\/tanquem-la-nostra-participacio-a-alimentaria-hostelco-2026-consolidant-un-espai-de-referencia-per-a-la-innovacio-agroalimentaria\/"},"modified":"2026-03-26T18:36:09","modified_gmt":"2026-03-26T17:36:09","slug":"tanquem-la-nostra-participacio-a-alimentaria-hostelco-2026-consolidant-un-espai-de-referencia-per-a-la-innovacio-agroalimentaria","status":"publish","type":"noticia","link":"https:\/\/www.irta.cat\/es\/noticia\/tanquem-la-nostra-participacio-a-alimentaria-hostelco-2026-consolidant-un-espai-de-referencia-per-a-la-innovacio-agroalimentaria\/","title":{"rendered":"Cerramos nuestra participaci\u00f3n en Alimentaria + Hostelco 2026 consolidando un espacio de referencia para la innovaci\u00f3n agroalimentaria"},"content":{"rendered":"<div class=\"wp-block-image\">\n<figure class=\"aligncenter size-large\"><a href=\"https:\/\/www.irta.cat\/wp-content\/uploads\/2026\/03\/WhatsApp-Image-2026-03-25-at-17.11.06.jpeg\" class=\"fancybox irta-lightbox-bridge\" data-fancybox=\"irta-images\"><img loading=\"lazy\" decoding=\"async\" width=\"1024\" height=\"682\" src=\"https:\/\/www.irta.cat\/wp-content\/uploads\/2026\/03\/WhatsApp-Image-2026-03-25-at-17.11.06-1024x682.jpeg\" alt=\"\" class=\"wp-image-135918\" srcset=\"https:\/\/www.irta.cat\/wp-content\/uploads\/2026\/03\/WhatsApp-Image-2026-03-25-at-17.11.06-1024x682.jpeg 1024w, https:\/\/www.irta.cat\/wp-content\/uploads\/2026\/03\/WhatsApp-Image-2026-03-25-at-17.11.06-300x200.jpeg 300w, https:\/\/www.irta.cat\/wp-content\/uploads\/2026\/03\/WhatsApp-Image-2026-03-25-at-17.11.06-768x512.jpeg 768w, https:\/\/www.irta.cat\/wp-content\/uploads\/2026\/03\/WhatsApp-Image-2026-03-25-at-17.11.06-1536x1023.jpeg 1536w, https:\/\/www.irta.cat\/wp-content\/uploads\/2026\/03\/WhatsApp-Image-2026-03-25-at-17.11.06.jpeg 1600w\" sizes=\"auto, (max-width: 1024px) 100vw, 1024px\" \/><\/a><\/figure>\n<\/div>\n\n\n<p>La gran feria de alimentaci\u00f3n internacional, Alimentaria, que comenz\u00f3 el pasado lunes 23 de marzo en el recinto Gran Via de Fira Barcelona, ha cerrado hoy sus puertas con <strong>109.600 visitantes<\/strong>, un 25\u202f% de ellos internacionales y un 1,6\u202f% m\u00e1s de asistentes que en la anterior edici\u00f3n, convirti\u00e9ndose as\u00ed en el sal\u00f3n con mayor afluencia de p\u00fablico organizado por la Fira, por encima del Mobile celebrado en febrero.<\/p>\n\n\n\n<p>La feria ha reunido a<strong> 3.300 empresas expositoras,<\/strong> de las cuales <strong>1.200 son internacionales<\/strong>, procedentes de 70 pa\u00edses, y se han organizado hasta 350 actividades diversas. El acto inaugural fue presidido por el rey <strong>Felipe VI<\/strong>, que antes de declarar oficialmente inaugurada la feria recorri\u00f3 los siete pabellones del recinto, acompa\u00f1ado del ministro de Agricultura, <strong>Luis Planas<\/strong>; del conseller de Agricultura, <strong>\u00d2scar Ordeig<\/strong>; de los responsables de la Fira de Barcelona; y de los presidentes y directores de los salones Alimentaria y Hostelco. Posteriormente, se uni\u00f3 a la comitiva el presidente de la Generalitat, <strong>Salvador Illa.<\/strong><\/p>\n\n\n\n<p>Durante la feria, desde el IRTA hemos dinamizado el <strong>Food &amp; Hospitality Startups Arena<\/strong>, en colaboraci\u00f3n con <strong>ACCI\u00d3<\/strong>, consolid\u00e1ndolo como un punto de encuentro de referencia para startups, corporates e inversores. Cerca de 15.000 personas han pasado estos d\u00edas por la zona donde se encuentra nuestro espacio, donde m\u00e1s de 60 empresas emergentes han presentado soluciones innovadoras para el sector agroalimentario, respondiendo a retos reales como la sostenibilidad, la digitalizaci\u00f3n y la optimizaci\u00f3n de los procesos productivos. Estas iniciativas no solo se han mostrado como proyectos puntuales durante la feria, sino como oportunidades con recorrido, impulsando colaboraciones, pilotos y nuevas oportunidades.<\/p>\n\n\n<div class=\"wp-block-image\">\n<figure class=\"aligncenter size-large\"><a href=\"https:\/\/www.irta.cat\/wp-content\/uploads\/2026\/03\/WhatsApp-Image-2026-03-25-at-15.30.55-scaled.jpeg\" class=\"fancybox irta-lightbox-bridge\" data-fancybox=\"irta-images\"><img loading=\"lazy\" decoding=\"async\" width=\"1024\" height=\"683\" src=\"https:\/\/www.irta.cat\/wp-content\/uploads\/2026\/03\/WhatsApp-Image-2026-03-25-at-15.30.55-1024x683.jpeg\" alt=\"\" class=\"wp-image-135921\" srcset=\"https:\/\/www.irta.cat\/wp-content\/uploads\/2026\/03\/WhatsApp-Image-2026-03-25-at-15.30.55-1024x683.jpeg 1024w, https:\/\/www.irta.cat\/wp-content\/uploads\/2026\/03\/WhatsApp-Image-2026-03-25-at-15.30.55-300x200.jpeg 300w, https:\/\/www.irta.cat\/wp-content\/uploads\/2026\/03\/WhatsApp-Image-2026-03-25-at-15.30.55-768x512.jpeg 768w, https:\/\/www.irta.cat\/wp-content\/uploads\/2026\/03\/WhatsApp-Image-2026-03-25-at-15.30.55-1536x1025.jpeg 1536w, https:\/\/www.irta.cat\/wp-content\/uploads\/2026\/03\/WhatsApp-Image-2026-03-25-at-15.30.55-2048x1366.jpeg 2048w, https:\/\/www.irta.cat\/wp-content\/uploads\/2026\/03\/WhatsApp-Image-2026-03-25-at-15.30.55-scaled.jpeg 1920w\" sizes=\"auto, (max-width: 1024px) 100vw, 1024px\" \/><\/a><\/figure>\n<\/div>\n\n\n<div style=\"height:30px\" aria-hidden=\"true\" class=\"wp-block-spacer\"><\/div>\n\n\n\n<h2 class=\"wp-block-heading has-medium-font-size\"><strong>Food &amp; Hospitality Startups Awards<\/strong><\/h2>\n\n\n\n<p>Entre las actividades destacadas, las sesiones de pitching y los <strong>Food &amp; Hospitality Startups Awards<\/strong> han permitido dar visibilidad al talento emergente. Desde el IRTA hemos liderado la coordinaci\u00f3n de los premios, con un jurado presidido por nuestro director general, Josep Usall, que ha seleccionado 14 startups finalistas entre casi 60 participantes.<\/p>\n\n\n\n<p>El galard\u00f3n a la <strong>startup m\u00e1s innovadora <\/strong>ha sido para NOIET, por su apuesta por una nueva generaci\u00f3n de ingredientes fermentados con etiqueta limpia que sustituyen los aditivos sint\u00e9ticos y contribuyen a desarrollar alimentos m\u00e1s sencillos, saludables y sostenibles. El premio a la <strong>startup con mayor recorrido <\/strong>se lo ha llevado Uraphex, por su proyecto innovador en el tratamiento de agua en procesos industriales. Estas iniciativas ejemplifican c\u00f3mo el IRTA act\u00faa como palanca de validaci\u00f3n y transferencia, acompa\u00f1ando la innovaci\u00f3n desde el prototipo hasta el mercado.<\/p>\n\n\n<div class=\"wp-block-image\">\n<figure class=\"aligncenter size-large\"><a href=\"https:\/\/www.irta.cat\/wp-content\/uploads\/2026\/03\/IRTA-Alimentaria-2026_Dia-24-96.webp\" class=\"fancybox irta-lightbox-bridge\" data-fancybox=\"irta-images\"><img loading=\"lazy\" decoding=\"async\" width=\"1024\" height=\"682\" src=\"https:\/\/www.irta.cat\/wp-content\/uploads\/2026\/03\/IRTA-Alimentaria-2026_Dia-24-96-1024x682.webp\" alt=\"\" class=\"wp-image-135309\" srcset=\"https:\/\/www.irta.cat\/wp-content\/uploads\/2026\/03\/IRTA-Alimentaria-2026_Dia-24-96-1024x682.webp 1024w, https:\/\/www.irta.cat\/wp-content\/uploads\/2026\/03\/IRTA-Alimentaria-2026_Dia-24-96-300x200.webp 300w, https:\/\/www.irta.cat\/wp-content\/uploads\/2026\/03\/IRTA-Alimentaria-2026_Dia-24-96-768x512.webp 768w, https:\/\/www.irta.cat\/wp-content\/uploads\/2026\/03\/IRTA-Alimentaria-2026_Dia-24-96-1536x1023.webp 1536w, https:\/\/www.irta.cat\/wp-content\/uploads\/2026\/03\/IRTA-Alimentaria-2026_Dia-24-96.webp 1600w\" sizes=\"auto, (max-width: 1024px) 100vw, 1024px\" \/><\/a><\/figure>\n<\/div>\n\n\n<div style=\"height:30px\" aria-hidden=\"true\" class=\"wp-block-spacer\"><\/div>\n\n\n\n<h2 class=\"wp-block-heading has-medium-font-size\"><strong>Retos y oportunidades en sanidad animal<\/strong><\/h2>\n\n\n\n<p>Otro momento clave de la feria fue la mesa redonda <strong>\u201cEl precio de la sanidad animal: oportunidades y amenazas para la competitividad\u201d<\/strong>, moderada por Josep Usall y con la participaci\u00f3n de representantes del sector como Josep Sol\u00e9, director general de la Divisi\u00f3n Av\u00edcola del Grup Vall Companys; Ramon Alsina, consejero delegado de bon\u00c0rea Agrupa; Alba Garc\u00eda, directora de I+D+i corporativa en el Grupo Empresarial Costa del Grupo Costa; Josep Vi\u00f1as, director general del Grup Vi\u00f1as; y Nat\u00e0lia Maj\u00f3, jefa del programa de Sanidad Animal del IRTA-CReSA.<\/p>\n\n\n\n<p>Durante la sesi\u00f3n se analiz\u00f3 el impacto del aumento de las enfermedades animales y del cambio clim\u00e1tico en la propagaci\u00f3n de pat\u00f3genos, destacando el papel esencial de la investigaci\u00f3n para anticipar riesgos, desarrollar vacunas, mejorar los sistemas de vigilancia y aportar alternativas a los antimicrobianos. Adem\u00e1s, se consensu\u00f3 la necesidad de trabajar de manera colaborativa entre empresas, centros de investigaci\u00f3n y administraci\u00f3n, reforzando la competitividad, la sostenibilidad y la resiliencia del sistema agroalimentario.<\/p>\n\n\n<div class=\"wp-block-image\">\n<figure class=\"aligncenter size-large\"><a href=\"https:\/\/www.irta.cat\/wp-content\/uploads\/2026\/03\/IRTA-Alimentaria_Dia-25-10.webp\" class=\"fancybox irta-lightbox-bridge\" data-fancybox=\"irta-images\"><img loading=\"lazy\" decoding=\"async\" width=\"1024\" height=\"682\" src=\"https:\/\/www.irta.cat\/wp-content\/uploads\/2026\/03\/IRTA-Alimentaria_Dia-25-10-1024x682.webp\" alt=\"\" class=\"wp-image-135586\" srcset=\"https:\/\/www.irta.cat\/wp-content\/uploads\/2026\/03\/IRTA-Alimentaria_Dia-25-10-1024x682.webp 1024w, https:\/\/www.irta.cat\/wp-content\/uploads\/2026\/03\/IRTA-Alimentaria_Dia-25-10-300x200.webp 300w, https:\/\/www.irta.cat\/wp-content\/uploads\/2026\/03\/IRTA-Alimentaria_Dia-25-10-768x512.webp 768w, https:\/\/www.irta.cat\/wp-content\/uploads\/2026\/03\/IRTA-Alimentaria_Dia-25-10-1536x1023.webp 1536w, https:\/\/www.irta.cat\/wp-content\/uploads\/2026\/03\/IRTA-Alimentaria_Dia-25-10.webp 1600w\" sizes=\"auto, (max-width: 1024px) 100vw, 1024px\" \/><\/a><\/figure>\n<\/div>\n\n\n<div style=\"height:30px\" aria-hidden=\"true\" class=\"wp-block-spacer\"><\/div>\n\n\n\n<h2 class=\"wp-block-heading has-medium-font-size\"><strong>Nuevos acuerdos estrat\u00e9gicos con Banco Santander y ASICI<\/strong><\/h2>\n\n\n\n<p>Durante la feria hemos formalizado colaboraciones clave con entidades estrat\u00e9gicas. Hemos firmado un convenio con <strong>Banco Santander<\/strong>, que reafirma el compromiso de la entidad con diversos proyectos del IRTA, como la jornada frut\u00edcola de Mollerussa, el Simposio internacional del almendro y el pistacho, y los Premios Porc d\u2019Or Capa Blanca 2026.<\/p>\n\n\n<div class=\"wp-block-image\">\n<figure class=\"aligncenter size-large\"><a href=\"https:\/\/www.irta.cat\/wp-content\/uploads\/2026\/03\/IRTA-Alimentaria_Dia-25-1.webp\" class=\"fancybox irta-lightbox-bridge\" data-fancybox=\"irta-images\"><img loading=\"lazy\" decoding=\"async\" width=\"1024\" height=\"682\" src=\"https:\/\/www.irta.cat\/wp-content\/uploads\/2026\/03\/IRTA-Alimentaria_Dia-25-1-1024x682.webp\" alt=\"\" class=\"wp-image-135559\" srcset=\"https:\/\/www.irta.cat\/wp-content\/uploads\/2026\/03\/IRTA-Alimentaria_Dia-25-1-1024x682.webp 1024w, https:\/\/www.irta.cat\/wp-content\/uploads\/2026\/03\/IRTA-Alimentaria_Dia-25-1-300x200.webp 300w, https:\/\/www.irta.cat\/wp-content\/uploads\/2026\/03\/IRTA-Alimentaria_Dia-25-1-768x512.webp 768w, https:\/\/www.irta.cat\/wp-content\/uploads\/2026\/03\/IRTA-Alimentaria_Dia-25-1-1536x1023.webp 1536w, https:\/\/www.irta.cat\/wp-content\/uploads\/2026\/03\/IRTA-Alimentaria_Dia-25-1.webp 1600w\" sizes=\"auto, (max-width: 1024px) 100vw, 1024px\" \/><\/a><\/figure>\n<\/div>\n\n\n<p>Tambi\u00e9n <strong>hemos consolidado un acuerdo con la Asociaci\u00f3n Interprofesional del Cerdo Ib\u00e9rico (ASICI)<\/strong>, incorporando el Premio Especial a la Excelencia del Ib\u00e9rico de Bellota, que reconoce a las explotaciones que destacan en la gesti\u00f3n de este sistema productivo. Estas iniciativas muestran c\u00f3mo el IRTA act\u00faa como conector y nodo activo dentro del ecosistema, facilitando colaboraciones reales entre el sector p\u00fablico, privado y la investigaci\u00f3n.<\/p>\n\n\n<div class=\"wp-block-image\">\n<figure class=\"aligncenter size-large\"><a href=\"https:\/\/www.irta.cat\/wp-content\/uploads\/2026\/03\/WhatsApp-Image-2026-03-26-at-18.00.12.jpeg\" class=\"fancybox irta-lightbox-bridge\" data-fancybox=\"irta-images\"><img loading=\"lazy\" decoding=\"async\" width=\"1024\" height=\"682\" src=\"https:\/\/www.irta.cat\/wp-content\/uploads\/2026\/03\/WhatsApp-Image-2026-03-26-at-18.00.12-1024x682.jpeg\" alt=\"\" class=\"wp-image-135924\" srcset=\"https:\/\/www.irta.cat\/wp-content\/uploads\/2026\/03\/WhatsApp-Image-2026-03-26-at-18.00.12-1024x682.jpeg 1024w, https:\/\/www.irta.cat\/wp-content\/uploads\/2026\/03\/WhatsApp-Image-2026-03-26-at-18.00.12-300x200.jpeg 300w, https:\/\/www.irta.cat\/wp-content\/uploads\/2026\/03\/WhatsApp-Image-2026-03-26-at-18.00.12-768x512.jpeg 768w, https:\/\/www.irta.cat\/wp-content\/uploads\/2026\/03\/WhatsApp-Image-2026-03-26-at-18.00.12-1536x1023.jpeg 1536w, https:\/\/www.irta.cat\/wp-content\/uploads\/2026\/03\/WhatsApp-Image-2026-03-26-at-18.00.12.jpeg 1600w\" sizes=\"auto, (max-width: 1024px) 100vw, 1024px\" \/><\/a><\/figure>\n<\/div>\n\n\n<div style=\"height:30px\" aria-hidden=\"true\" class=\"wp-block-spacer\"><\/div>\n\n\n\n<h2 class=\"wp-block-heading has-medium-font-size\"><strong>Transformamos el sector agroalimentario con innovaci\u00f3n y alianzas<\/strong><\/h2>\n\n\n\n<p>La edici\u00f3n de este a\u00f1o ha puesto de relieve la nueva generaci\u00f3n de alimentos y procesos, con sesiones t\u00e9cnicas sobre prote\u00edna alternativa, productos vegetales con valor a\u00f1adido, tecnolog\u00edas de procesamiento avanzado y valorizaci\u00f3n de subproductos, evidenciando el papel de la investigaci\u00f3n aplicada en la transformaci\u00f3n del sistema alimentario.<\/p>\n\n\n\n<p>M\u00e1s all\u00e1 del contenido t\u00e9cnico, los espacios de networking, asesoramiento y mentor\u00eda han facilitado conexiones reales y oportunidades de crecimiento para startups y empresas, posicionando al IRTA como un actor que activa retos, validaci\u00f3n y oportunidades de innovaci\u00f3n abierta.<\/p>\n\n\n\n<p>Durante la feria <strong>se han llevado a cabo ponencias, sesiones de pitch y demostraciones pr\u00e1cticas que acercaron la innovaci\u00f3n al p\u00fablico profesional<\/strong>, reforzando la relevancia del IRTA en el impulso de un sector agroalimentario m\u00e1s competitivo, sostenible e innovador.<\/p>\n\n\n\r\n<!-- block: block-galeria -->\r\n<section  data-block_id=\"block_1f49bbaad8d1a59825f06673cd19fcea\" class=\"aliances-sec serveis-sec financament-sec gutenberg-galeria-sec gal-type-carrousel-sec  aligncenter\" style=\"background-color: #ffffff;color: #333 !important;\">\r\n    <div class=\"row\">\r\n        <div class=\"pestanyes-sec common-section gal-type-carrousel gal-fons-color gal-color-fosc\">\r\n            <div class=\"titles-gals\">\r\n                                    <h3>Fotos del d\u00eda 26:<\/h3>\r\n                                                            <\/div>\r\n            <div class=\"galeria-container galeria-carrousel\" id=\"block_1f49bbaad8d1a59825f06673cd19fcea\">\r\n    <div class=\"flexslider flexslider-galeria-carrousel\" id=\"galeria-carrousel-block_1f49bbaad8d1a59825f06673cd19fcea\">\r\n        <ul class=\"slides galeria-list\">\r\n                                                                    <li>\r\n                        <a href=\"https:\/\/www.irta.cat\/wp-content\/uploads\/2026\/03\/IRTA-Alimentaria_Dia-26-1.webp\" rel=\"lightbox\" class=\"fancybox-link no-ml-lightbox\" title=\"\">\r\n                            <img decoding=\"async\" src=\"https:\/\/www.irta.cat\/wp-content\/uploads\/2026\/03\/IRTA-Alimentaria_Dia-26-1.webp\" role=\"presentation\" loading=\"lazy\" \/>\r\n                                                    <\/a>\r\n                    <\/li>\r\n                                                        <li>\r\n                        <a href=\"https:\/\/www.irta.cat\/wp-content\/uploads\/2026\/03\/IRTA-Alimentaria_Dia-26-2.webp\" rel=\"lightbox\" class=\"fancybox-link no-ml-lightbox\" title=\"\">\r\n                            <img decoding=\"async\" src=\"https:\/\/www.irta.cat\/wp-content\/uploads\/2026\/03\/IRTA-Alimentaria_Dia-26-2.webp\" role=\"presentation\" loading=\"lazy\" \/>\r\n                                                    <\/a>\r\n                    <\/li>\r\n                                                        <li>\r\n                        <a href=\"https:\/\/www.irta.cat\/wp-content\/uploads\/2026\/03\/IRTA-Alimentaria_Dia-26-3.webp\" rel=\"lightbox\" class=\"fancybox-link no-ml-lightbox\" title=\"\">\r\n                            <img decoding=\"async\" src=\"https:\/\/www.irta.cat\/wp-content\/uploads\/2026\/03\/IRTA-Alimentaria_Dia-26-3.webp\" role=\"presentation\" loading=\"lazy\" \/>\r\n                                                    <\/a>\r\n                    <\/li>\r\n                                                        <li>\r\n                        <a href=\"https:\/\/www.irta.cat\/wp-content\/uploads\/2026\/03\/IRTA-Alimentaria_Dia-26-4.webp\" rel=\"lightbox\" class=\"fancybox-link no-ml-lightbox\" title=\"\">\r\n                            <img decoding=\"async\" src=\"https:\/\/www.irta.cat\/wp-content\/uploads\/2026\/03\/IRTA-Alimentaria_Dia-26-4.webp\" role=\"presentation\" loading=\"lazy\" \/>\r\n                                                    <\/a>\r\n                    <\/li>\r\n                                                        <li>\r\n                        <a href=\"https:\/\/www.irta.cat\/wp-content\/uploads\/2026\/03\/IRTA-Alimentaria_Dia-26-5.webp\" rel=\"lightbox\" class=\"fancybox-link no-ml-lightbox\" title=\"\">\r\n                            <img decoding=\"async\" src=\"https:\/\/www.irta.cat\/wp-content\/uploads\/2026\/03\/IRTA-Alimentaria_Dia-26-5.webp\" role=\"presentation\" loading=\"lazy\" \/>\r\n                                                    <\/a>\r\n                    <\/li>\r\n                                                        <li>\r\n                        <a href=\"https:\/\/www.irta.cat\/wp-content\/uploads\/2026\/03\/IRTA-Alimentaria_Dia-26-6.webp\" rel=\"lightbox\" class=\"fancybox-link no-ml-lightbox\" title=\"\">\r\n                            <img decoding=\"async\" src=\"https:\/\/www.irta.cat\/wp-content\/uploads\/2026\/03\/IRTA-Alimentaria_Dia-26-6.webp\" role=\"presentation\" loading=\"lazy\" \/>\r\n                                                    <\/a>\r\n                    <\/li>\r\n                                                        <li>\r\n                        <a href=\"https:\/\/www.irta.cat\/wp-content\/uploads\/2026\/03\/IRTA-Alimentaria_Dia-26-7.webp\" rel=\"lightbox\" class=\"fancybox-link no-ml-lightbox\" title=\"\">\r\n                            <img decoding=\"async\" src=\"https:\/\/www.irta.cat\/wp-content\/uploads\/2026\/03\/IRTA-Alimentaria_Dia-26-7.webp\" role=\"presentation\" loading=\"lazy\" \/>\r\n                                                    <\/a>\r\n                    <\/li>\r\n                                                        <li>\r\n                        <a href=\"https:\/\/www.irta.cat\/wp-content\/uploads\/2026\/03\/IRTA-Alimentaria_Dia-26-8.webp\" rel=\"lightbox\" class=\"fancybox-link no-ml-lightbox\" title=\"\">\r\n                            <img decoding=\"async\" src=\"https:\/\/www.irta.cat\/wp-content\/uploads\/2026\/03\/IRTA-Alimentaria_Dia-26-8.webp\" role=\"presentation\" loading=\"lazy\" \/>\r\n                                                    <\/a>\r\n                    <\/li>\r\n                                                        <li>\r\n                        <a href=\"https:\/\/www.irta.cat\/wp-content\/uploads\/2026\/03\/IRTA-Alimentaria_Dia-26-9.webp\" rel=\"lightbox\" class=\"fancybox-link no-ml-lightbox\" title=\"\">\r\n                            <img decoding=\"async\" src=\"https:\/\/www.irta.cat\/wp-content\/uploads\/2026\/03\/IRTA-Alimentaria_Dia-26-9.webp\" role=\"presentation\" loading=\"lazy\" \/>\r\n                                                    <\/a>\r\n                    <\/li>\r\n                                                        <li>\r\n                        <a href=\"https:\/\/www.irta.cat\/wp-content\/uploads\/2026\/03\/IRTA-Alimentaria_Dia-26-10.webp\" rel=\"lightbox\" class=\"fancybox-link no-ml-lightbox\" title=\"\">\r\n                            <img decoding=\"async\" src=\"https:\/\/www.irta.cat\/wp-content\/uploads\/2026\/03\/IRTA-Alimentaria_Dia-26-10.webp\" role=\"presentation\" loading=\"lazy\" \/>\r\n                                                    <\/a>\r\n                    <\/li>\r\n                                                        <li>\r\n                        <a href=\"https:\/\/www.irta.cat\/wp-content\/uploads\/2026\/03\/IRTA-Alimentaria_Dia-26-11.webp\" rel=\"lightbox\" class=\"fancybox-link no-ml-lightbox\" title=\"\">\r\n                            <img decoding=\"async\" src=\"https:\/\/www.irta.cat\/wp-content\/uploads\/2026\/03\/IRTA-Alimentaria_Dia-26-11.webp\" role=\"presentation\" loading=\"lazy\" \/>\r\n                                                    <\/a>\r\n                    <\/li>\r\n                                                        <li>\r\n                        <a href=\"https:\/\/www.irta.cat\/wp-content\/uploads\/2026\/03\/IRTA-Alimentaria_Dia-26-12.webp\" rel=\"lightbox\" class=\"fancybox-link no-ml-lightbox\" title=\"\">\r\n                            <img decoding=\"async\" src=\"https:\/\/www.irta.cat\/wp-content\/uploads\/2026\/03\/IRTA-Alimentaria_Dia-26-12.webp\" role=\"presentation\" loading=\"lazy\" \/>\r\n                                                    <\/a>\r\n                    <\/li>\r\n                                                        <li>\r\n                        <a href=\"https:\/\/www.irta.cat\/wp-content\/uploads\/2026\/03\/IRTA-Alimentaria_Dia-26-13.webp\" rel=\"lightbox\" class=\"fancybox-link no-ml-lightbox\" title=\"\">\r\n                            <img decoding=\"async\" src=\"https:\/\/www.irta.cat\/wp-content\/uploads\/2026\/03\/IRTA-Alimentaria_Dia-26-13.webp\" role=\"presentation\" loading=\"lazy\" \/>\r\n                                                    <\/a>\r\n                    <\/li>\r\n                                                        <li>\r\n                        <a href=\"https:\/\/www.irta.cat\/wp-content\/uploads\/2026\/03\/IRTA-Alimentaria_Dia-26-14.webp\" rel=\"lightbox\" class=\"fancybox-link no-ml-lightbox\" title=\"\">\r\n                            <img decoding=\"async\" src=\"https:\/\/www.irta.cat\/wp-content\/uploads\/2026\/03\/IRTA-Alimentaria_Dia-26-14.webp\" role=\"presentation\" loading=\"lazy\" \/>\r\n                                                    <\/a>\r\n                    <\/li>\r\n                                                        <li>\r\n                        <a href=\"https:\/\/www.irta.cat\/wp-content\/uploads\/2026\/03\/IRTA-Alimentaria_Dia-26-15.webp\" rel=\"lightbox\" class=\"fancybox-link no-ml-lightbox\" title=\"\">\r\n                            <img decoding=\"async\" src=\"https:\/\/www.irta.cat\/wp-content\/uploads\/2026\/03\/IRTA-Alimentaria_Dia-26-15.webp\" role=\"presentation\" loading=\"lazy\" \/>\r\n                                                    <\/a>\r\n                    <\/li>\r\n                                                        <li>\r\n                        <a href=\"https:\/\/www.irta.cat\/wp-content\/uploads\/2026\/03\/IRTA-Alimentaria_Dia-26-16.webp\" rel=\"lightbox\" class=\"fancybox-link no-ml-lightbox\" title=\"\">\r\n                            <img decoding=\"async\" src=\"https:\/\/www.irta.cat\/wp-content\/uploads\/2026\/03\/IRTA-Alimentaria_Dia-26-16.webp\" role=\"presentation\" loading=\"lazy\" \/>\r\n                                                    <\/a>\r\n                    <\/li>\r\n                                                        <li>\r\n                        <a href=\"https:\/\/www.irta.cat\/wp-content\/uploads\/2026\/03\/IRTA-Alimentaria_Dia-26-17.webp\" rel=\"lightbox\" class=\"fancybox-link no-ml-lightbox\" title=\"\">\r\n                            <img decoding=\"async\" src=\"https:\/\/www.irta.cat\/wp-content\/uploads\/2026\/03\/IRTA-Alimentaria_Dia-26-17.webp\" role=\"presentation\" loading=\"lazy\" \/>\r\n                                                    <\/a>\r\n                    <\/li>\r\n                                                        <li>\r\n                        <a href=\"https:\/\/www.irta.cat\/wp-content\/uploads\/2026\/03\/IRTA-Alimentaria_Dia-26-18.webp\" rel=\"lightbox\" class=\"fancybox-link no-ml-lightbox\" title=\"\">\r\n                            <img decoding=\"async\" src=\"https:\/\/www.irta.cat\/wp-content\/uploads\/2026\/03\/IRTA-Alimentaria_Dia-26-18.webp\" role=\"presentation\" loading=\"lazy\" \/>\r\n                                                    <\/a>\r\n                    <\/li>\r\n                                                        <li>\r\n                        <a href=\"https:\/\/www.irta.cat\/wp-content\/uploads\/2026\/03\/IRTA-Alimentaria_Dia-26-19.webp\" rel=\"lightbox\" class=\"fancybox-link no-ml-lightbox\" title=\"\">\r\n                            <img decoding=\"async\" src=\"https:\/\/www.irta.cat\/wp-content\/uploads\/2026\/03\/IRTA-Alimentaria_Dia-26-19.webp\" role=\"presentation\" loading=\"lazy\" \/>\r\n                                                    <\/a>\r\n                    <\/li>\r\n                                                        <li>\r\n                        <a href=\"https:\/\/www.irta.cat\/wp-content\/uploads\/2026\/03\/IRTA-Alimentaria_Dia-26-20.webp\" rel=\"lightbox\" class=\"fancybox-link no-ml-lightbox\" title=\"\">\r\n                            <img decoding=\"async\" src=\"https:\/\/www.irta.cat\/wp-content\/uploads\/2026\/03\/IRTA-Alimentaria_Dia-26-20.webp\" role=\"presentation\" loading=\"lazy\" \/>\r\n                                                    <\/a>\r\n                    <\/li>\r\n                                                        <li>\r\n                        <a href=\"https:\/\/www.irta.cat\/wp-content\/uploads\/2026\/03\/IRTA-Alimentaria_Dia-26-21.webp\" rel=\"lightbox\" class=\"fancybox-link no-ml-lightbox\" title=\"\">\r\n                            <img decoding=\"async\" src=\"https:\/\/www.irta.cat\/wp-content\/uploads\/2026\/03\/IRTA-Alimentaria_Dia-26-21.webp\" role=\"presentation\" loading=\"lazy\" \/>\r\n                                                    <\/a>\r\n                    <\/li>\r\n                                                        <li>\r\n                        <a href=\"https:\/\/www.irta.cat\/wp-content\/uploads\/2026\/03\/IRTA-Alimentaria_Dia-26-22.webp\" rel=\"lightbox\" class=\"fancybox-link no-ml-lightbox\" title=\"\">\r\n                            <img decoding=\"async\" src=\"https:\/\/www.irta.cat\/wp-content\/uploads\/2026\/03\/IRTA-Alimentaria_Dia-26-22.webp\" role=\"presentation\" loading=\"lazy\" \/>\r\n                                                    <\/a>\r\n                    <\/li>\r\n                                                        <li>\r\n                        <a href=\"https:\/\/www.irta.cat\/wp-content\/uploads\/2026\/03\/IRTA-Alimentaria_Dia-26-23.webp\" rel=\"lightbox\" class=\"fancybox-link no-ml-lightbox\" title=\"\">\r\n                            <img decoding=\"async\" src=\"https:\/\/www.irta.cat\/wp-content\/uploads\/2026\/03\/IRTA-Alimentaria_Dia-26-23.webp\" role=\"presentation\" loading=\"lazy\" \/>\r\n                                                    <\/a>\r\n                    <\/li>\r\n                                                        <li>\r\n                        <a href=\"https:\/\/www.irta.cat\/wp-content\/uploads\/2026\/03\/IRTA-Alimentaria_Dia-26-24.webp\" rel=\"lightbox\" class=\"fancybox-link no-ml-lightbox\" title=\"\">\r\n                            <img decoding=\"async\" src=\"https:\/\/www.irta.cat\/wp-content\/uploads\/2026\/03\/IRTA-Alimentaria_Dia-26-24.webp\" role=\"presentation\" loading=\"lazy\" \/>\r\n                                                    <\/a>\r\n                    <\/li>\r\n                                                        <li>\r\n                        <a href=\"https:\/\/www.irta.cat\/wp-content\/uploads\/2026\/03\/IRTA-Alimentaria_Dia-26-25.webp\" rel=\"lightbox\" class=\"fancybox-link no-ml-lightbox\" title=\"\">\r\n                            <img decoding=\"async\" src=\"https:\/\/www.irta.cat\/wp-content\/uploads\/2026\/03\/IRTA-Alimentaria_Dia-26-25.webp\" role=\"presentation\" loading=\"lazy\" \/>\r\n                                                    <\/a>\r\n                    <\/li>\r\n                                    <\/ul>\r\n    <\/div>\r\n<\/div>        <\/div>\r\n    <\/div>\r\n<\/section>\r\n<!-- block: block-galeria -->\r\n","protected":false},"featured_media":135920,"template":"","categoria_noticia":[11008],"etiqueta_filtrar_noticia":[11134,11302],"class_list":["post-135937","noticia","type-noticia","status-publish","has-post-thumbnail","hentry","categoria_noticia-noticias","etiqueta_filtrar_noticia-emprendeduria","etiqueta_filtrar_noticia-fira-alimentaria"],"acf":[],"yoast_head":"<!-- This site is optimized with the Yoast SEO plugin v26.6 - https:\/\/yoast.com\/wordpress\/plugins\/seo\/ -->\r\n<title>Cerramos nuestra participaci\u00f3n en Alimentaria + Hostelco 2026 consolidando un espacio de referencia para la innovaci\u00f3n agroalimentaria &#187; IRTA<\/title>\r\n<meta name=\"robots\" content=\"index, follow, max-snippet:-1, max-image-preview:large, max-video-preview:-1\" \/>\r\n<link rel=\"canonical\" href=\"https:\/\/www.irta.cat\/es\/noticia\/tanquem-la-nostra-participacio-a-alimentaria-hostelco-2026-consolidant-un-espai-de-referencia-per-a-la-innovacio-agroalimentaria\/\" \/>\r\n<meta property=\"og:locale\" content=\"es_ES\" \/>\r\n<meta property=\"og:type\" content=\"article\" \/>\r\n<meta property=\"og:title\" content=\"Cerramos nuestra participaci\u00f3n en Alimentaria + Hostelco 2026 consolidando un espacio de referencia para la innovaci\u00f3n agroalimentaria &#187; IRTA\" \/>\r\n<meta property=\"og:description\" content=\"La gran feria de alimentaci\u00f3n internacional, Alimentaria, que comenz\u00f3 el pasado lunes 23 de marzo en el recinto Gran Via de Fira Barcelona, ha cerrado hoy sus puertas con 109.600 visitantes, un 25\u202f% de ellos internacionales y un 1,6\u202f% m\u00e1s de asistentes que en la anterior edici\u00f3n, convirti\u00e9ndose as\u00ed en el sal\u00f3n con mayor afluencia [&hellip;]\" \/>\r\n<meta property=\"og:url\" content=\"https:\/\/www.irta.cat\/es\/noticia\/tanquem-la-nostra-participacio-a-alimentaria-hostelco-2026-consolidant-un-espai-de-referencia-per-a-la-innovacio-agroalimentaria\/\" \/>\r\n<meta property=\"og:site_name\" content=\"IRTA\" \/>\r\n<meta property=\"article:publisher\" content=\"https:\/\/www.facebook.com\/irtacat\" \/>\r\n<meta property=\"article:modified_time\" content=\"2026-03-26T17:36:09+00:00\" \/>\r\n<meta property=\"og:image\" content=\"https:\/\/www.irta.cat\/wp-content\/uploads\/2026\/03\/WhatsApp-Image-2026-03-25-at-17.11.06.jpeg\" \/>\r\n\t<meta property=\"og:image:width\" content=\"1600\" \/>\r\n\t<meta property=\"og:image:height\" content=\"1066\" \/>\r\n\t<meta property=\"og:image:type\" content=\"image\/jpeg\" \/>\r\n<meta name=\"twitter:card\" content=\"summary_large_image\" \/>\r\n<meta name=\"twitter:site\" content=\"@irtacat\" \/>\r\n<meta name=\"twitter:label1\" content=\"Tiempo de lectura\" \/>\n\t<meta name=\"twitter:data1\" content=\"11 minutos\" \/>\r\n<script type=\"application\/ld+json\" class=\"yoast-schema-graph\">{\"@context\":\"https:\/\/schema.org\",\"@graph\":[{\"@type\":\"WebPage\",\"@id\":\"https:\/\/www.irta.cat\/es\/noticia\/tanquem-la-nostra-participacio-a-alimentaria-hostelco-2026-consolidant-un-espai-de-referencia-per-a-la-innovacio-agroalimentaria\/\",\"url\":\"https:\/\/www.irta.cat\/es\/noticia\/tanquem-la-nostra-participacio-a-alimentaria-hostelco-2026-consolidant-un-espai-de-referencia-per-a-la-innovacio-agroalimentaria\/\",\"name\":\"Cerramos nuestra participaci\u00f3n en Alimentaria + Hostelco 2026 consolidando un espacio de referencia para la innovaci\u00f3n agroalimentaria &#187; IRTA\",\"isPartOf\":{\"@id\":\"https:\/\/www.irta.cat\/es\/#website\"},\"primaryImageOfPage\":{\"@id\":\"https:\/\/www.irta.cat\/es\/noticia\/tanquem-la-nostra-participacio-a-alimentaria-hostelco-2026-consolidant-un-espai-de-referencia-per-a-la-innovacio-agroalimentaria\/#primaryimage\"},\"image\":{\"@id\":\"https:\/\/www.irta.cat\/es\/noticia\/tanquem-la-nostra-participacio-a-alimentaria-hostelco-2026-consolidant-un-espai-de-referencia-per-a-la-innovacio-agroalimentaria\/#primaryimage\"},\"thumbnailUrl\":\"https:\/\/www.irta.cat\/wp-content\/uploads\/2026\/03\/WhatsApp-Image-2026-03-25-at-17.11.06.jpeg\",\"datePublished\":\"2026-03-26T17:06:28+00:00\",\"dateModified\":\"2026-03-26T17:36:09+00:00\",\"breadcrumb\":{\"@id\":\"https:\/\/www.irta.cat\/es\/noticia\/tanquem-la-nostra-participacio-a-alimentaria-hostelco-2026-consolidant-un-espai-de-referencia-per-a-la-innovacio-agroalimentaria\/#breadcrumb\"},\"inLanguage\":\"es\",\"potentialAction\":[{\"@type\":\"ReadAction\",\"target\":[\"https:\/\/www.irta.cat\/es\/noticia\/tanquem-la-nostra-participacio-a-alimentaria-hostelco-2026-consolidant-un-espai-de-referencia-per-a-la-innovacio-agroalimentaria\/\"]}]},{\"@type\":\"ImageObject\",\"inLanguage\":\"es\",\"@id\":\"https:\/\/www.irta.cat\/es\/noticia\/tanquem-la-nostra-participacio-a-alimentaria-hostelco-2026-consolidant-un-espai-de-referencia-per-a-la-innovacio-agroalimentaria\/#primaryimage\",\"url\":\"https:\/\/www.irta.cat\/wp-content\/uploads\/2026\/03\/WhatsApp-Image-2026-03-25-at-17.11.06.jpeg\",\"contentUrl\":\"https:\/\/www.irta.cat\/wp-content\/uploads\/2026\/03\/WhatsApp-Image-2026-03-25-at-17.11.06.jpeg\",\"width\":1600,\"height\":1066},{\"@type\":\"BreadcrumbList\",\"@id\":\"https:\/\/www.irta.cat\/es\/noticia\/tanquem-la-nostra-participacio-a-alimentaria-hostelco-2026-consolidant-un-espai-de-referencia-per-a-la-innovacio-agroalimentaria\/#breadcrumb\",\"itemListElement\":[{\"@type\":\"ListItem\",\"position\":1,\"name\":\"Inici\",\"item\":\"https:\/\/www.irta.cat\/es\/\"},{\"@type\":\"ListItem\",\"position\":2,\"name\":\"Cerramos nuestra participaci\u00f3n en Alimentaria + Hostelco 2026 consolidando un espacio de referencia para la innovaci\u00f3n agroalimentaria\"}]},{\"@type\":\"WebSite\",\"@id\":\"https:\/\/www.irta.cat\/es\/#website\",\"url\":\"https:\/\/www.irta.cat\/es\/\",\"name\":\"IRTA\",\"description\":\"Institut de Recerca i Tecnologia Agroaliment\u00e0ries\",\"publisher\":{\"@id\":\"https:\/\/www.irta.cat\/es\/#organization\"},\"alternateName\":\"%%sitename%% %%sep%% %%title%%\",\"potentialAction\":[{\"@type\":\"SearchAction\",\"target\":{\"@type\":\"EntryPoint\",\"urlTemplate\":\"https:\/\/www.irta.cat\/es\/?s={search_term_string}\"},\"query-input\":{\"@type\":\"PropertyValueSpecification\",\"valueRequired\":true,\"valueName\":\"search_term_string\"}}],\"inLanguage\":\"es\"},{\"@type\":\"Organization\",\"@id\":\"https:\/\/www.irta.cat\/es\/#organization\",\"name\":\"IRTA\",\"url\":\"https:\/\/www.irta.cat\/es\/\",\"logo\":{\"@type\":\"ImageObject\",\"inLanguage\":\"es\",\"@id\":\"https:\/\/www.irta.cat\/es\/#\/schema\/logo\/image\/\",\"url\":\"https:\/\/www.irta.cat\/wp-content\/uploads\/2023\/04\/Logo-IRTA-verm.png\",\"contentUrl\":\"https:\/\/www.irta.cat\/wp-content\/uploads\/2023\/04\/Logo-IRTA-verm.png\",\"width\":1250,\"height\":500,\"caption\":\"IRTA\"},\"image\":{\"@id\":\"https:\/\/www.irta.cat\/es\/#\/schema\/logo\/image\/\"},\"sameAs\":[\"https:\/\/www.facebook.com\/irtacat\",\"https:\/\/x.com\/irtacat\"]}]}<\/script>\r\n<!-- \/ Yoast SEO plugin. -->","yoast_head_json":{"title":"Cerramos nuestra participaci\u00f3n en Alimentaria + Hostelco 2026 consolidando un espacio de referencia para la innovaci\u00f3n agroalimentaria &#187; IRTA","robots":{"index":"index","follow":"follow","max-snippet":"max-snippet:-1","max-image-preview":"max-image-preview:large","max-video-preview":"max-video-preview:-1"},"canonical":"https:\/\/www.irta.cat\/es\/noticia\/tanquem-la-nostra-participacio-a-alimentaria-hostelco-2026-consolidant-un-espai-de-referencia-per-a-la-innovacio-agroalimentaria\/","og_locale":"es_ES","og_type":"article","og_title":"Cerramos nuestra participaci\u00f3n en Alimentaria + Hostelco 2026 consolidando un espacio de referencia para la innovaci\u00f3n agroalimentaria &#187; IRTA","og_description":"La gran feria de alimentaci\u00f3n internacional, Alimentaria, que comenz\u00f3 el pasado lunes 23 de marzo en el recinto Gran Via de Fira Barcelona, ha cerrado hoy sus puertas con 109.600 visitantes, un 25\u202f% de ellos internacionales y un 1,6\u202f% m\u00e1s de asistentes que en la anterior edici\u00f3n, convirti\u00e9ndose as\u00ed en el sal\u00f3n con mayor afluencia [&hellip;]","og_url":"https:\/\/www.irta.cat\/es\/noticia\/tanquem-la-nostra-participacio-a-alimentaria-hostelco-2026-consolidant-un-espai-de-referencia-per-a-la-innovacio-agroalimentaria\/","og_site_name":"IRTA","article_publisher":"https:\/\/www.facebook.com\/irtacat","article_modified_time":"2026-03-26T17:36:09+00:00","og_image":[{"width":1600,"height":1066,"url":"https:\/\/www.irta.cat\/wp-content\/uploads\/2026\/03\/WhatsApp-Image-2026-03-25-at-17.11.06.jpeg","type":"image\/jpeg"}],"twitter_card":"summary_large_image","twitter_site":"@irtacat","twitter_misc":{"Tiempo de lectura":"11 minutos"},"schema":{"@context":"https:\/\/schema.org","@graph":[{"@type":"WebPage","@id":"https:\/\/www.irta.cat\/es\/noticia\/tanquem-la-nostra-participacio-a-alimentaria-hostelco-2026-consolidant-un-espai-de-referencia-per-a-la-innovacio-agroalimentaria\/","url":"https:\/\/www.irta.cat\/es\/noticia\/tanquem-la-nostra-participacio-a-alimentaria-hostelco-2026-consolidant-un-espai-de-referencia-per-a-la-innovacio-agroalimentaria\/","name":"Cerramos nuestra participaci\u00f3n en Alimentaria + Hostelco 2026 consolidando un espacio de referencia para la innovaci\u00f3n agroalimentaria &#187; IRTA","isPartOf":{"@id":"https:\/\/www.irta.cat\/es\/#website"},"primaryImageOfPage":{"@id":"https:\/\/www.irta.cat\/es\/noticia\/tanquem-la-nostra-participacio-a-alimentaria-hostelco-2026-consolidant-un-espai-de-referencia-per-a-la-innovacio-agroalimentaria\/#primaryimage"},"image":{"@id":"https:\/\/www.irta.cat\/es\/noticia\/tanquem-la-nostra-participacio-a-alimentaria-hostelco-2026-consolidant-un-espai-de-referencia-per-a-la-innovacio-agroalimentaria\/#primaryimage"},"thumbnailUrl":"https:\/\/www.irta.cat\/wp-content\/uploads\/2026\/03\/WhatsApp-Image-2026-03-25-at-17.11.06.jpeg","datePublished":"2026-03-26T17:06:28+00:00","dateModified":"2026-03-26T17:36:09+00:00","breadcrumb":{"@id":"https:\/\/www.irta.cat\/es\/noticia\/tanquem-la-nostra-participacio-a-alimentaria-hostelco-2026-consolidant-un-espai-de-referencia-per-a-la-innovacio-agroalimentaria\/#breadcrumb"},"inLanguage":"es","potentialAction":[{"@type":"ReadAction","target":["https:\/\/www.irta.cat\/es\/noticia\/tanquem-la-nostra-participacio-a-alimentaria-hostelco-2026-consolidant-un-espai-de-referencia-per-a-la-innovacio-agroalimentaria\/"]}]},{"@type":"ImageObject","inLanguage":"es","@id":"https:\/\/www.irta.cat\/es\/noticia\/tanquem-la-nostra-participacio-a-alimentaria-hostelco-2026-consolidant-un-espai-de-referencia-per-a-la-innovacio-agroalimentaria\/#primaryimage","url":"https:\/\/www.irta.cat\/wp-content\/uploads\/2026\/03\/WhatsApp-Image-2026-03-25-at-17.11.06.jpeg","contentUrl":"https:\/\/www.irta.cat\/wp-content\/uploads\/2026\/03\/WhatsApp-Image-2026-03-25-at-17.11.06.jpeg","width":1600,"height":1066},{"@type":"BreadcrumbList","@id":"https:\/\/www.irta.cat\/es\/noticia\/tanquem-la-nostra-participacio-a-alimentaria-hostelco-2026-consolidant-un-espai-de-referencia-per-a-la-innovacio-agroalimentaria\/#breadcrumb","itemListElement":[{"@type":"ListItem","position":1,"name":"Inici","item":"https:\/\/www.irta.cat\/es\/"},{"@type":"ListItem","position":2,"name":"Cerramos nuestra participaci\u00f3n en Alimentaria + Hostelco 2026 consolidando un espacio de referencia para la innovaci\u00f3n agroalimentaria"}]},{"@type":"WebSite","@id":"https:\/\/www.irta.cat\/es\/#website","url":"https:\/\/www.irta.cat\/es\/","name":"IRTA","description":"Institut de Recerca i Tecnologia Agroaliment\u00e0ries","publisher":{"@id":"https:\/\/www.irta.cat\/es\/#organization"},"alternateName":"%%sitename%% %%sep%% %%title%%","potentialAction":[{"@type":"SearchAction","target":{"@type":"EntryPoint","urlTemplate":"https:\/\/www.irta.cat\/es\/?s={search_term_string}"},"query-input":{"@type":"PropertyValueSpecification","valueRequired":true,"valueName":"search_term_string"}}],"inLanguage":"es"},{"@type":"Organization","@id":"https:\/\/www.irta.cat\/es\/#organization","name":"IRTA","url":"https:\/\/www.irta.cat\/es\/","logo":{"@type":"ImageObject","inLanguage":"es","@id":"https:\/\/www.irta.cat\/es\/#\/schema\/logo\/image\/","url":"https:\/\/www.irta.cat\/wp-content\/uploads\/2023\/04\/Logo-IRTA-verm.png","contentUrl":"https:\/\/www.irta.cat\/wp-content\/uploads\/2023\/04\/Logo-IRTA-verm.png","width":1250,"height":500,"caption":"IRTA"},"image":{"@id":"https:\/\/www.irta.cat\/es\/#\/schema\/logo\/image\/"},"sameAs":["https:\/\/www.facebook.com\/irtacat","https:\/\/x.com\/irtacat"]}]}},"_links":{"self":[{"href":"https:\/\/www.irta.cat\/es\/wp-json\/wp\/v2\/noticia\/135937","targetHints":{"allow":["GET"]}}],"collection":[{"href":"https:\/\/www.irta.cat\/es\/wp-json\/wp\/v2\/noticia"}],"about":[{"href":"https:\/\/www.irta.cat\/es\/wp-json\/wp\/v2\/types\/noticia"}],"version-history":[{"count":4,"href":"https:\/\/www.irta.cat\/es\/wp-json\/wp\/v2\/noticia\/135937\/revisions"}],"predecessor-version":[{"id":135951,"href":"https:\/\/www.irta.cat\/es\/wp-json\/wp\/v2\/noticia\/135937\/revisions\/135951"}],"wp:featuredmedia":[{"embeddable":true,"href":"https:\/\/www.irta.cat\/es\/wp-json\/wp\/v2\/media\/135920"}],"wp:attachment":[{"href":"https:\/\/www.irta.cat\/es\/wp-json\/wp\/v2\/media?parent=135937"}],"wp:term":[{"taxonomy":"categoria_noticia","embeddable":true,"href":"https:\/\/www.irta.cat\/es\/wp-json\/wp\/v2\/categoria_noticia?post=135937"},{"taxonomy":"etiqueta_filtrar_noticia","embeddable":true,"href":"https:\/\/www.irta.cat\/es\/wp-json\/wp\/v2\/etiqueta_filtrar_noticia?post=135937"}],"curies":[{"name":"wp","href":"https:\/\/api.w.org\/{rel}","templated":true}]}}