{"id":135321,"date":"2026-03-24T17:23:21","date_gmt":"2026-03-24T16:23:21","guid":{"rendered":"https:\/\/www.irta.cat\/noticia\/innovacio-i-talent-aixi-hem-premiat-les-startups-al-food-hospitality-startups-awards-de-lalimentariahostelco\/"},"modified":"2026-03-27T12:53:40","modified_gmt":"2026-03-27T11:53:40","slug":"innovacion-y-talento-asi-hemos-premiado-a-las-startups-en-los-food-hospitality-startups-awards-de-alimentariahostelco","status":"publish","type":"noticia","link":"https:\/\/www.irta.cat\/es\/noticia\/innovacion-y-talento-asi-hemos-premiado-a-las-startups-en-los-food-hospitality-startups-awards-de-alimentariahostelco\/","title":{"rendered":"Innovaci\u00f3n y talento: as\u00ed hemos premiado a las startups en los Food &amp; Hospitality Startups Awards de Alimentaria+Hostelco"},"content":{"rendered":"<div class=\"wp-block-image\">\n<figure class=\"aligncenter size-large\"><a href=\"https:\/\/www.irta.cat\/wp-content\/uploads\/2026\/03\/Guanyadors-premi-startups.jpeg\" class=\"fancybox irta-lightbox-bridge\" data-fancybox=\"irta-images\"><img loading=\"lazy\" decoding=\"async\" width=\"1024\" height=\"682\" src=\"https:\/\/www.irta.cat\/wp-content\/uploads\/2026\/03\/Guanyadors-premi-startups-1024x682.jpeg\" alt=\"\" class=\"wp-image-135013\" srcset=\"https:\/\/www.irta.cat\/wp-content\/uploads\/2026\/03\/Guanyadors-premi-startups-1024x682.jpeg 1024w, https:\/\/www.irta.cat\/wp-content\/uploads\/2026\/03\/Guanyadors-premi-startups-300x200.jpeg 300w, https:\/\/www.irta.cat\/wp-content\/uploads\/2026\/03\/Guanyadors-premi-startups-768x512.jpeg 768w, https:\/\/www.irta.cat\/wp-content\/uploads\/2026\/03\/Guanyadors-premi-startups-1536x1023.jpeg 1536w, https:\/\/www.irta.cat\/wp-content\/uploads\/2026\/03\/Guanyadors-premi-startups.jpeg 1600w\" sizes=\"auto, (max-width: 1024px) 100vw, 1024px\" \/><\/a><\/figure>\n<\/div>\n\n\n<p style=\"font-size:24px\"><strong>Nuestro director general, Josep Usall, preside el jurado que ha premiado las iniciativas con mayor proyecci\u00f3n e innovaci\u00f3n<\/strong><\/p>\n\n\n\n<p>En el marco de la feria <strong>Alimentaria+Hostelco 2026<\/strong>, que comenz\u00f3 este lunes, esta tarde de martes hemos celebrado uno de los momentos m\u00e1s esperados del espacio <strong>Food &amp; Hospitality Startups (F&amp;HS)<\/strong>: la entrega de los <strong>Food &amp; Hospitality Startups Awards<\/strong>, unos galardones que reconocen las propuestas m\u00e1s innovadoras del sector.<\/p>\n\n\n\n<p>Desde el IRTA, como coorganizadores de este espacio dedicado al emprendimiento y la innovaci\u00f3n, tambi\u00e9n hemos liderado la coordinaci\u00f3n de estos premios, cuyo objetivo es dar visibilidad a las iniciativas m\u00e1s disruptivas en los \u00e1mbitos de la alimentaci\u00f3n, las bebidas y el equipamiento para la restauraci\u00f3n y la hosteler\u00eda.<\/p>\n\n\n\n<p>El jurado de los premios, presidido por nuestro director general <strong>Josep Usall<\/strong>, seleccion\u00f3 <strong>14 startups finalistas<\/strong> entre casi 60 participantes. Estas empresas emergentes presentan soluciones innovadoras que responden a los grandes retos del sector, desde la sostenibilidad hasta la digitalizaci\u00f3n o la mejora de los procesos productivos.<\/p>\n\n\n\n<p>Durante el acto de esta tarde hemos conocido a los ganadores, que destacan por su capacidad de innovar y por la proyecci\u00f3n de sus proyectos:<\/p>\n\n\n\n<ul class=\"wp-block-list\">\n<li>El galard\u00f3n a la <strong>Startup m\u00e1s innovadora<\/strong> ha sido para <strong>NOIET<\/strong>, por su apuesta por una nueva generaci\u00f3n de ingredientes fermentados con etiqueta limpia que sustituyen los aditivos sint\u00e9ticos y hacen que los alimentos sean m\u00e1s sencillos, saludables y sostenibles.<\/li>\n\n\n\n<li>El premio a la <strong>Startup con mayor proyecci\u00f3n<\/strong> se lo ha llevado <strong>Uraphex<\/strong>, por su proyecto innovador en el tratamiento de agua en procesos industriales.<\/li>\n<\/ul>\n\n\n\n<p>El acto ha sido un espacio de reconocimiento al talento emprendedor y una nueva oportunidad para que las startups mostraran sus soluciones ante inversores, empresas y profesionales del sector. Las empresas premiadas representan iniciativas que abordan los grandes retos actuales, desde la sostenibilidad hasta la digitalizaci\u00f3n y la mejora de los procesos productivos.<\/p>\n\n\n\n<p>Con esta iniciativa, desde el IRTA reafirmamos nuestro compromiso con el impulso de la innovaci\u00f3n y la transferencia de conocimiento hacia el sector agroalimentario y de la hospitalidad. El espacio Food &amp; Hospitality Startups, que coorganizamos con Alimentaria+Hostelco y ACCI\u00d3 y que cuenta con el apoyo de CaixaBank, se ha consolidado como un punto de encuentro clave entre startups, empresas, inversores y el IRTA como centro de investigaci\u00f3n. A lo largo de estos d\u00edas, las empresas participantes est\u00e1n teniendo la oportunidad de presentar sus proyectos, generar nuevas conexiones y explorar oportunidades de colaboraci\u00f3n.<\/p>\n\n\n\r\n<!-- block: block-galeria -->\r\n<section  data-block_id=\"block_7647b4cf89e57aeb4ea39add9a4769e8\" class=\"aliances-sec serveis-sec financament-sec gutenberg-galeria-sec gal-type-slide-sec \" style=\"background-color: #ffffff;color: #333 !important;\">\r\n    <div class=\"row\">\r\n        <div class=\"pestanyes-sec common-section gal-type-slide gal-fons-color gal-color-fosc\">\r\n            <div class=\"titles-gals\">\r\n                                    <h3>Fotos del d\u00eda 24:<\/h3>\r\n                                                            <\/div>\r\n            <div class=\"galeria-container\" id=\"block_7647b4cf89e57aeb4ea39add9a4769e8\">\r\n    <div class=\"flexslider flexslider-galeria-slides\" id=\"galeria-block_7647b4cf89e57aeb4ea39add9a4769e8\">\r\n        <ul class=\"slides galeria-list\">\r\n                                                                    <li>\r\n                        <a href=\"https:\/\/www.irta.cat\/wp-content\/uploads\/2026\/03\/IRTA-Alimentaria-2026_Dia-24-3.webp\" rel=\"lightbox\" class=\"fancybox-link no-ml-lightbox\" title=\"\">\r\n                            <img decoding=\"async\" src=\"https:\/\/www.irta.cat\/wp-content\/uploads\/2026\/03\/IRTA-Alimentaria-2026_Dia-24-3.webp\" role=\"presentation\" loading=\"lazy\" \/>\r\n                                                    <\/a>\r\n                    <\/li>\r\n                                                        <li>\r\n                        <a href=\"https:\/\/www.irta.cat\/wp-content\/uploads\/2026\/03\/IRTA-Alimentaria-2026_Dia-24-11.webp\" rel=\"lightbox\" class=\"fancybox-link no-ml-lightbox\" title=\"\">\r\n                            <img decoding=\"async\" src=\"https:\/\/www.irta.cat\/wp-content\/uploads\/2026\/03\/IRTA-Alimentaria-2026_Dia-24-11.webp\" role=\"presentation\" loading=\"lazy\" \/>\r\n                                                    <\/a>\r\n                    <\/li>\r\n                                                        <li>\r\n                        <a href=\"https:\/\/www.irta.cat\/wp-content\/uploads\/2026\/03\/IRTA-Alimentaria-2026_Dia-24-14.webp\" rel=\"lightbox\" class=\"fancybox-link no-ml-lightbox\" title=\"\">\r\n                            <img decoding=\"async\" src=\"https:\/\/www.irta.cat\/wp-content\/uploads\/2026\/03\/IRTA-Alimentaria-2026_Dia-24-14.webp\" role=\"presentation\" loading=\"lazy\" \/>\r\n                                                    <\/a>\r\n                    <\/li>\r\n                                                        <li>\r\n                        <a href=\"https:\/\/www.irta.cat\/wp-content\/uploads\/2026\/03\/IRTA-Alimentaria-2026_Dia-24-15.webp\" rel=\"lightbox\" class=\"fancybox-link no-ml-lightbox\" title=\"\">\r\n                            <img decoding=\"async\" src=\"https:\/\/www.irta.cat\/wp-content\/uploads\/2026\/03\/IRTA-Alimentaria-2026_Dia-24-15.webp\" role=\"presentation\" loading=\"lazy\" \/>\r\n                                                    <\/a>\r\n                    <\/li>\r\n                                                        <li>\r\n                        <a href=\"https:\/\/www.irta.cat\/wp-content\/uploads\/2026\/03\/IRTA-Alimentaria-2026_Dia-24-16.webp\" rel=\"lightbox\" class=\"fancybox-link no-ml-lightbox\" title=\"\">\r\n                            <img decoding=\"async\" src=\"https:\/\/www.irta.cat\/wp-content\/uploads\/2026\/03\/IRTA-Alimentaria-2026_Dia-24-16.webp\" role=\"presentation\" loading=\"lazy\" \/>\r\n                                                    <\/a>\r\n                    <\/li>\r\n                                                        <li>\r\n                        <a href=\"https:\/\/www.irta.cat\/wp-content\/uploads\/2026\/03\/IRTA-Alimentaria-2026_Dia-24-17.webp\" rel=\"lightbox\" class=\"fancybox-link no-ml-lightbox\" title=\"\">\r\n                            <img decoding=\"async\" src=\"https:\/\/www.irta.cat\/wp-content\/uploads\/2026\/03\/IRTA-Alimentaria-2026_Dia-24-17.webp\" role=\"presentation\" loading=\"lazy\" \/>\r\n                                                    <\/a>\r\n                    <\/li>\r\n                                                        <li>\r\n                        <a href=\"https:\/\/www.irta.cat\/wp-content\/uploads\/2026\/03\/IRTA-Alimentaria-2026_Dia-24-20.webp\" rel=\"lightbox\" class=\"fancybox-link no-ml-lightbox\" title=\"\">\r\n                            <img decoding=\"async\" src=\"https:\/\/www.irta.cat\/wp-content\/uploads\/2026\/03\/IRTA-Alimentaria-2026_Dia-24-20.webp\" role=\"presentation\" loading=\"lazy\" \/>\r\n                                                    <\/a>\r\n                    <\/li>\r\n                                                        <li>\r\n                        <a href=\"https:\/\/www.irta.cat\/wp-content\/uploads\/2026\/03\/IRTA-Alimentaria-2026_Dia-24-23.webp\" rel=\"lightbox\" class=\"fancybox-link no-ml-lightbox\" title=\"\">\r\n                            <img decoding=\"async\" src=\"https:\/\/www.irta.cat\/wp-content\/uploads\/2026\/03\/IRTA-Alimentaria-2026_Dia-24-23.webp\" role=\"presentation\" loading=\"lazy\" \/>\r\n                                                    <\/a>\r\n                    <\/li>\r\n                                                        <li>\r\n                        <a href=\"https:\/\/www.irta.cat\/wp-content\/uploads\/2026\/03\/IRTA-Alimentaria-2026_Dia-24-27.webp\" rel=\"lightbox\" class=\"fancybox-link no-ml-lightbox\" title=\"\">\r\n                            <img decoding=\"async\" src=\"https:\/\/www.irta.cat\/wp-content\/uploads\/2026\/03\/IRTA-Alimentaria-2026_Dia-24-27.webp\" role=\"presentation\" loading=\"lazy\" \/>\r\n                                                    <\/a>\r\n                    <\/li>\r\n                                                        <li>\r\n                        <a href=\"https:\/\/www.irta.cat\/wp-content\/uploads\/2026\/03\/IRTA-Alimentaria-2026_Dia-24-29.webp\" rel=\"lightbox\" class=\"fancybox-link no-ml-lightbox\" title=\"\">\r\n                            <img decoding=\"async\" src=\"https:\/\/www.irta.cat\/wp-content\/uploads\/2026\/03\/IRTA-Alimentaria-2026_Dia-24-29.webp\" role=\"presentation\" loading=\"lazy\" \/>\r\n                                                    <\/a>\r\n                    <\/li>\r\n                                                        <li>\r\n                        <a href=\"https:\/\/www.irta.cat\/wp-content\/uploads\/2026\/03\/IRTA-Alimentaria-2026_Dia-24-30.webp\" rel=\"lightbox\" class=\"fancybox-link no-ml-lightbox\" title=\"\">\r\n                            <img decoding=\"async\" src=\"https:\/\/www.irta.cat\/wp-content\/uploads\/2026\/03\/IRTA-Alimentaria-2026_Dia-24-30.webp\" role=\"presentation\" loading=\"lazy\" \/>\r\n                                                    <\/a>\r\n                    <\/li>\r\n                                                        <li>\r\n                        <a href=\"https:\/\/www.irta.cat\/wp-content\/uploads\/2026\/03\/IRTA-Alimentaria-2026_Dia-24-34.webp\" rel=\"lightbox\" class=\"fancybox-link no-ml-lightbox\" title=\"\">\r\n                            <img decoding=\"async\" src=\"https:\/\/www.irta.cat\/wp-content\/uploads\/2026\/03\/IRTA-Alimentaria-2026_Dia-24-34.webp\" role=\"presentation\" loading=\"lazy\" \/>\r\n                                                    <\/a>\r\n                    <\/li>\r\n                                                        <li>\r\n                        <a href=\"https:\/\/www.irta.cat\/wp-content\/uploads\/2026\/03\/IRTA-Alimentaria-2026_Dia-24-37.webp\" rel=\"lightbox\" class=\"fancybox-link no-ml-lightbox\" title=\"\">\r\n                            <img decoding=\"async\" src=\"https:\/\/www.irta.cat\/wp-content\/uploads\/2026\/03\/IRTA-Alimentaria-2026_Dia-24-37.webp\" role=\"presentation\" loading=\"lazy\" \/>\r\n                                                    <\/a>\r\n                    <\/li>\r\n                                                        <li>\r\n                        <a href=\"https:\/\/www.irta.cat\/wp-content\/uploads\/2026\/03\/IRTA-Alimentaria-2026_Dia-24-38.webp\" rel=\"lightbox\" class=\"fancybox-link no-ml-lightbox\" title=\"\">\r\n                            <img decoding=\"async\" src=\"https:\/\/www.irta.cat\/wp-content\/uploads\/2026\/03\/IRTA-Alimentaria-2026_Dia-24-38.webp\" role=\"presentation\" loading=\"lazy\" \/>\r\n                                                    <\/a>\r\n                    <\/li>\r\n                                                        <li>\r\n                        <a href=\"https:\/\/www.irta.cat\/wp-content\/uploads\/2026\/03\/IRTA-Alimentaria-2026_Dia-24-40.webp\" rel=\"lightbox\" class=\"fancybox-link no-ml-lightbox\" title=\"\">\r\n                            <img decoding=\"async\" src=\"https:\/\/www.irta.cat\/wp-content\/uploads\/2026\/03\/IRTA-Alimentaria-2026_Dia-24-40.webp\" role=\"presentation\" loading=\"lazy\" \/>\r\n                                                    <\/a>\r\n                    <\/li>\r\n                                                        <li>\r\n                        <a href=\"https:\/\/www.irta.cat\/wp-content\/uploads\/2026\/03\/IRTA-Alimentaria-2026_Dia-24-42.webp\" rel=\"lightbox\" class=\"fancybox-link no-ml-lightbox\" title=\"\">\r\n                            <img decoding=\"async\" src=\"https:\/\/www.irta.cat\/wp-content\/uploads\/2026\/03\/IRTA-Alimentaria-2026_Dia-24-42.webp\" role=\"presentation\" loading=\"lazy\" \/>\r\n                                                    <\/a>\r\n                    <\/li>\r\n                                                        <li>\r\n                        <a href=\"https:\/\/www.irta.cat\/wp-content\/uploads\/2026\/03\/IRTA-Alimentaria-2026_Dia-24-45.webp\" rel=\"lightbox\" class=\"fancybox-link no-ml-lightbox\" title=\"\">\r\n                            <img decoding=\"async\" src=\"https:\/\/www.irta.cat\/wp-content\/uploads\/2026\/03\/IRTA-Alimentaria-2026_Dia-24-45.webp\" role=\"presentation\" loading=\"lazy\" \/>\r\n                                                    <\/a>\r\n                    <\/li>\r\n                                                        <li>\r\n                        <a href=\"https:\/\/www.irta.cat\/wp-content\/uploads\/2026\/03\/IRTA-Alimentaria-2026_Dia-24-47.webp\" rel=\"lightbox\" class=\"fancybox-link no-ml-lightbox\" title=\"\">\r\n                            <img decoding=\"async\" src=\"https:\/\/www.irta.cat\/wp-content\/uploads\/2026\/03\/IRTA-Alimentaria-2026_Dia-24-47.webp\" role=\"presentation\" loading=\"lazy\" \/>\r\n                                                    <\/a>\r\n                    <\/li>\r\n                                                        <li>\r\n                        <a href=\"https:\/\/www.irta.cat\/wp-content\/uploads\/2026\/03\/IRTA-Alimentaria-2026_Dia-24-49.webp\" rel=\"lightbox\" class=\"fancybox-link no-ml-lightbox\" title=\"\">\r\n                            <img decoding=\"async\" src=\"https:\/\/www.irta.cat\/wp-content\/uploads\/2026\/03\/IRTA-Alimentaria-2026_Dia-24-49.webp\" role=\"presentation\" loading=\"lazy\" \/>\r\n                                                    <\/a>\r\n                    <\/li>\r\n                                                        <li>\r\n                        <a href=\"https:\/\/www.irta.cat\/wp-content\/uploads\/2026\/03\/IRTA-Alimentaria-2026_Dia-24-53.webp\" rel=\"lightbox\" class=\"fancybox-link no-ml-lightbox\" title=\"\">\r\n                            <img decoding=\"async\" src=\"https:\/\/www.irta.cat\/wp-content\/uploads\/2026\/03\/IRTA-Alimentaria-2026_Dia-24-53.webp\" role=\"presentation\" loading=\"lazy\" \/>\r\n                                                    <\/a>\r\n                    <\/li>\r\n                                                        <li>\r\n                        <a href=\"https:\/\/www.irta.cat\/wp-content\/uploads\/2026\/03\/IRTA-Alimentaria-2026_Dia-24-54.webp\" rel=\"lightbox\" class=\"fancybox-link no-ml-lightbox\" title=\"\">\r\n                            <img decoding=\"async\" src=\"https:\/\/www.irta.cat\/wp-content\/uploads\/2026\/03\/IRTA-Alimentaria-2026_Dia-24-54.webp\" role=\"presentation\" loading=\"lazy\" \/>\r\n                                                    <\/a>\r\n                    <\/li>\r\n                                                        <li>\r\n                        <a href=\"https:\/\/www.irta.cat\/wp-content\/uploads\/2026\/03\/IRTA-Alimentaria-2026_Dia-24-55.webp\" rel=\"lightbox\" class=\"fancybox-link no-ml-lightbox\" title=\"\">\r\n                            <img decoding=\"async\" src=\"https:\/\/www.irta.cat\/wp-content\/uploads\/2026\/03\/IRTA-Alimentaria-2026_Dia-24-55.webp\" role=\"presentation\" loading=\"lazy\" \/>\r\n                                                    <\/a>\r\n                    <\/li>\r\n                                                        <li>\r\n                        <a href=\"https:\/\/www.irta.cat\/wp-content\/uploads\/2026\/03\/IRTA-Alimentaria-2026_Dia-24-60.webp\" rel=\"lightbox\" class=\"fancybox-link no-ml-lightbox\" title=\"\">\r\n                            <img decoding=\"async\" src=\"https:\/\/www.irta.cat\/wp-content\/uploads\/2026\/03\/IRTA-Alimentaria-2026_Dia-24-60.webp\" role=\"presentation\" loading=\"lazy\" \/>\r\n                                                    <\/a>\r\n                    <\/li>\r\n                                                        <li>\r\n                        <a href=\"https:\/\/www.irta.cat\/wp-content\/uploads\/2026\/03\/IRTA-Alimentaria-2026_Dia-24-62.webp\" rel=\"lightbox\" class=\"fancybox-link no-ml-lightbox\" title=\"\">\r\n                            <img decoding=\"async\" src=\"https:\/\/www.irta.cat\/wp-content\/uploads\/2026\/03\/IRTA-Alimentaria-2026_Dia-24-62.webp\" role=\"presentation\" loading=\"lazy\" \/>\r\n                                                    <\/a>\r\n                    <\/li>\r\n                                                        <li>\r\n                        <a href=\"https:\/\/www.irta.cat\/wp-content\/uploads\/2026\/03\/IRTA-Alimentaria-2026_Dia-24-68.webp\" rel=\"lightbox\" class=\"fancybox-link no-ml-lightbox\" title=\"\">\r\n                            <img decoding=\"async\" src=\"https:\/\/www.irta.cat\/wp-content\/uploads\/2026\/03\/IRTA-Alimentaria-2026_Dia-24-68.webp\" role=\"presentation\" loading=\"lazy\" \/>\r\n                                                    <\/a>\r\n                    <\/li>\r\n                                                        <li>\r\n                        <a href=\"https:\/\/www.irta.cat\/wp-content\/uploads\/2026\/03\/IRTA-Alimentaria-2026_Dia-24-70.webp\" rel=\"lightbox\" class=\"fancybox-link no-ml-lightbox\" title=\"\">\r\n                            <img decoding=\"async\" src=\"https:\/\/www.irta.cat\/wp-content\/uploads\/2026\/03\/IRTA-Alimentaria-2026_Dia-24-70.webp\" role=\"presentation\" loading=\"lazy\" \/>\r\n                                                    <\/a>\r\n                    <\/li>\r\n                                                        <li>\r\n                        <a href=\"https:\/\/www.irta.cat\/wp-content\/uploads\/2026\/03\/IRTA-Alimentaria-2026_Dia-24-72.webp\" rel=\"lightbox\" class=\"fancybox-link no-ml-lightbox\" title=\"\">\r\n                            <img decoding=\"async\" src=\"https:\/\/www.irta.cat\/wp-content\/uploads\/2026\/03\/IRTA-Alimentaria-2026_Dia-24-72.webp\" role=\"presentation\" loading=\"lazy\" \/>\r\n                                                    <\/a>\r\n                    <\/li>\r\n                                                        <li>\r\n                        <a href=\"https:\/\/www.irta.cat\/wp-content\/uploads\/2026\/03\/IRTA-Alimentaria-2026_Dia-24-73.webp\" rel=\"lightbox\" class=\"fancybox-link no-ml-lightbox\" title=\"\">\r\n                            <img decoding=\"async\" src=\"https:\/\/www.irta.cat\/wp-content\/uploads\/2026\/03\/IRTA-Alimentaria-2026_Dia-24-73.webp\" role=\"presentation\" loading=\"lazy\" \/>\r\n                                                    <\/a>\r\n                    <\/li>\r\n                                                        <li>\r\n                        <a href=\"https:\/\/www.irta.cat\/wp-content\/uploads\/2026\/03\/IRTA-Alimentaria-2026_Dia-24-76.webp\" rel=\"lightbox\" class=\"fancybox-link no-ml-lightbox\" title=\"\">\r\n                            <img decoding=\"async\" src=\"https:\/\/www.irta.cat\/wp-content\/uploads\/2026\/03\/IRTA-Alimentaria-2026_Dia-24-76.webp\" role=\"presentation\" loading=\"lazy\" \/>\r\n                                                    <\/a>\r\n                    <\/li>\r\n                                                        <li>\r\n                        <a href=\"https:\/\/www.irta.cat\/wp-content\/uploads\/2026\/03\/IRTA-Alimentaria-2026_Dia-24-77.webp\" rel=\"lightbox\" class=\"fancybox-link no-ml-lightbox\" title=\"\">\r\n                            <img decoding=\"async\" src=\"https:\/\/www.irta.cat\/wp-content\/uploads\/2026\/03\/IRTA-Alimentaria-2026_Dia-24-77.webp\" role=\"presentation\" loading=\"lazy\" \/>\r\n                                                    <\/a>\r\n                    <\/li>\r\n                                                        <li>\r\n                        <a href=\"https:\/\/www.irta.cat\/wp-content\/uploads\/2026\/03\/IRTA-Alimentaria-2026_Dia-24-82.webp\" rel=\"lightbox\" class=\"fancybox-link no-ml-lightbox\" title=\"\">\r\n                            <img decoding=\"async\" src=\"https:\/\/www.irta.cat\/wp-content\/uploads\/2026\/03\/IRTA-Alimentaria-2026_Dia-24-82.webp\" role=\"presentation\" loading=\"lazy\" \/>\r\n                                                    <\/a>\r\n                    <\/li>\r\n                                                        <li>\r\n                        <a href=\"https:\/\/www.irta.cat\/wp-content\/uploads\/2026\/03\/IRTA-Alimentaria-2026_Dia-24-83.webp\" rel=\"lightbox\" class=\"fancybox-link no-ml-lightbox\" title=\"\">\r\n                            <img decoding=\"async\" src=\"https:\/\/www.irta.cat\/wp-content\/uploads\/2026\/03\/IRTA-Alimentaria-2026_Dia-24-83.webp\" role=\"presentation\" loading=\"lazy\" \/>\r\n                                                    <\/a>\r\n                    <\/li>\r\n                                                        <li>\r\n                        <a href=\"https:\/\/www.irta.cat\/wp-content\/uploads\/2026\/03\/IRTA-Alimentaria-2026_Dia-24-91.webp\" rel=\"lightbox\" class=\"fancybox-link no-ml-lightbox\" title=\"\">\r\n                            <img decoding=\"async\" src=\"https:\/\/www.irta.cat\/wp-content\/uploads\/2026\/03\/IRTA-Alimentaria-2026_Dia-24-91.webp\" role=\"presentation\" loading=\"lazy\" \/>\r\n                                                    <\/a>\r\n                    <\/li>\r\n                                                        <li>\r\n                        <a href=\"https:\/\/www.irta.cat\/wp-content\/uploads\/2026\/03\/IRTA-Alimentaria-2026_Dia-24-96.webp\" rel=\"lightbox\" class=\"fancybox-link no-ml-lightbox\" title=\"\">\r\n                            <img decoding=\"async\" src=\"https:\/\/www.irta.cat\/wp-content\/uploads\/2026\/03\/IRTA-Alimentaria-2026_Dia-24-96.webp\" role=\"presentation\" loading=\"lazy\" \/>\r\n                                                    <\/a>\r\n                    <\/li>\r\n                                                        <li>\r\n                        <a href=\"https:\/\/www.irta.cat\/wp-content\/uploads\/2026\/03\/IRTA-Alimentaria-2026_Dia-24-98.webp\" rel=\"lightbox\" class=\"fancybox-link no-ml-lightbox\" title=\"\">\r\n                            <img decoding=\"async\" src=\"https:\/\/www.irta.cat\/wp-content\/uploads\/2026\/03\/IRTA-Alimentaria-2026_Dia-24-98.webp\" role=\"presentation\" loading=\"lazy\" \/>\r\n                                                    <\/a>\r\n                    <\/li>\r\n                                    <\/ul>\r\n    <\/div>\r\n<\/div>        <\/div>\r\n    <\/div>\r\n<\/section>\r\n<!-- block: block-galeria -->\r\n","protected":false},"featured_media":135015,"template":"","categoria_noticia":[11008],"etiqueta_filtrar_noticia":[11131,11134,11302,11041,11305],"class_list":["post-135321","noticia","type-noticia","status-publish","has-post-thumbnail","hentry","categoria_noticia-noticias","etiqueta_filtrar_noticia-diseminacion","etiqueta_filtrar_noticia-emprendeduria","etiqueta_filtrar_noticia-fira-alimentaria","etiqueta_filtrar_noticia-innovacion","etiqueta_filtrar_noticia-transformacion-digital"],"acf":[],"yoast_head":"<!-- This site is optimized with the Yoast SEO plugin v26.6 - https:\/\/yoast.com\/wordpress\/plugins\/seo\/ -->\r\n<title>Innovaci\u00f3n y talento: as\u00ed hemos premiado a las startups en los Food &amp; Hospitality Startups Awards de Alimentaria+Hostelco &#187; IRTA<\/title>\r\n<meta name=\"robots\" content=\"index, follow, max-snippet:-1, max-image-preview:large, max-video-preview:-1\" \/>\r\n<link rel=\"canonical\" href=\"https:\/\/www.irta.cat\/es\/noticia\/innovacion-y-talento-asi-hemos-premiado-a-las-startups-en-los-food-hospitality-startups-awards-de-alimentariahostelco\/\" \/>\r\n<meta property=\"og:locale\" content=\"es_ES\" \/>\r\n<meta property=\"og:type\" content=\"article\" \/>\r\n<meta property=\"og:title\" content=\"Innovaci\u00f3n y talento: as\u00ed hemos premiado a las startups en los Food &amp; Hospitality Startups Awards de Alimentaria+Hostelco &#187; IRTA\" \/>\r\n<meta property=\"og:description\" content=\"Nuestro director general, Josep Usall, preside el jurado que ha premiado las iniciativas con mayor proyecci\u00f3n e innovaci\u00f3n En el marco de la feria Alimentaria+Hostelco 2026, que comenz\u00f3 este lunes, esta tarde de martes hemos celebrado uno de los momentos m\u00e1s esperados del espacio Food &amp; Hospitality Startups (F&amp;HS): la entrega de los Food &amp; [&hellip;]\" \/>\r\n<meta property=\"og:url\" content=\"https:\/\/www.irta.cat\/es\/noticia\/innovacion-y-talento-asi-hemos-premiado-a-las-startups-en-los-food-hospitality-startups-awards-de-alimentariahostelco\/\" \/>\r\n<meta property=\"og:site_name\" content=\"IRTA\" \/>\r\n<meta property=\"article:publisher\" content=\"https:\/\/www.facebook.com\/irtacat\" \/>\r\n<meta property=\"article:modified_time\" content=\"2026-03-27T11:53:40+00:00\" \/>\r\n<meta property=\"og:image\" content=\"https:\/\/www.irta.cat\/wp-content\/uploads\/2026\/03\/Guanyadors-premi-startups.jpeg\" \/>\r\n\t<meta property=\"og:image:width\" content=\"1600\" \/>\r\n\t<meta property=\"og:image:height\" content=\"1066\" \/>\r\n\t<meta property=\"og:image:type\" content=\"image\/jpeg\" \/>\r\n<meta name=\"twitter:card\" content=\"summary_large_image\" \/>\r\n<meta name=\"twitter:site\" content=\"@irtacat\" \/>\r\n<meta name=\"twitter:label1\" content=\"Tiempo de lectura\" \/>\n\t<meta name=\"twitter:data1\" content=\"10 minutos\" \/>\r\n<script type=\"application\/ld+json\" class=\"yoast-schema-graph\">{\"@context\":\"https:\/\/schema.org\",\"@graph\":[{\"@type\":\"WebPage\",\"@id\":\"https:\/\/www.irta.cat\/es\/noticia\/innovacion-y-talento-asi-hemos-premiado-a-las-startups-en-los-food-hospitality-startups-awards-de-alimentariahostelco\/\",\"url\":\"https:\/\/www.irta.cat\/es\/noticia\/innovacion-y-talento-asi-hemos-premiado-a-las-startups-en-los-food-hospitality-startups-awards-de-alimentariahostelco\/\",\"name\":\"Innovaci\u00f3n y talento: as\u00ed hemos premiado a las startups en los Food &amp; Hospitality Startups Awards de Alimentaria+Hostelco &#187; IRTA\",\"isPartOf\":{\"@id\":\"https:\/\/www.irta.cat\/es\/#website\"},\"primaryImageOfPage\":{\"@id\":\"https:\/\/www.irta.cat\/es\/noticia\/innovacion-y-talento-asi-hemos-premiado-a-las-startups-en-los-food-hospitality-startups-awards-de-alimentariahostelco\/#primaryimage\"},\"image\":{\"@id\":\"https:\/\/www.irta.cat\/es\/noticia\/innovacion-y-talento-asi-hemos-premiado-a-las-startups-en-los-food-hospitality-startups-awards-de-alimentariahostelco\/#primaryimage\"},\"thumbnailUrl\":\"https:\/\/www.irta.cat\/wp-content\/uploads\/2026\/03\/Guanyadors-premi-startups.jpeg\",\"datePublished\":\"2026-03-24T16:23:21+00:00\",\"dateModified\":\"2026-03-27T11:53:40+00:00\",\"breadcrumb\":{\"@id\":\"https:\/\/www.irta.cat\/es\/noticia\/innovacion-y-talento-asi-hemos-premiado-a-las-startups-en-los-food-hospitality-startups-awards-de-alimentariahostelco\/#breadcrumb\"},\"inLanguage\":\"es\",\"potentialAction\":[{\"@type\":\"ReadAction\",\"target\":[\"https:\/\/www.irta.cat\/es\/noticia\/innovacion-y-talento-asi-hemos-premiado-a-las-startups-en-los-food-hospitality-startups-awards-de-alimentariahostelco\/\"]}]},{\"@type\":\"ImageObject\",\"inLanguage\":\"es\",\"@id\":\"https:\/\/www.irta.cat\/es\/noticia\/innovacion-y-talento-asi-hemos-premiado-a-las-startups-en-los-food-hospitality-startups-awards-de-alimentariahostelco\/#primaryimage\",\"url\":\"https:\/\/www.irta.cat\/wp-content\/uploads\/2026\/03\/Guanyadors-premi-startups.jpeg\",\"contentUrl\":\"https:\/\/www.irta.cat\/wp-content\/uploads\/2026\/03\/Guanyadors-premi-startups.jpeg\",\"width\":1600,\"height\":1066},{\"@type\":\"BreadcrumbList\",\"@id\":\"https:\/\/www.irta.cat\/es\/noticia\/innovacion-y-talento-asi-hemos-premiado-a-las-startups-en-los-food-hospitality-startups-awards-de-alimentariahostelco\/#breadcrumb\",\"itemListElement\":[{\"@type\":\"ListItem\",\"position\":1,\"name\":\"Inici\",\"item\":\"https:\/\/www.irta.cat\/es\/\"},{\"@type\":\"ListItem\",\"position\":2,\"name\":\"Innovaci\u00f3n y talento: as\u00ed hemos premiado a las startups en los Food &amp; Hospitality Startups Awards de Alimentaria+Hostelco\"}]},{\"@type\":\"WebSite\",\"@id\":\"https:\/\/www.irta.cat\/es\/#website\",\"url\":\"https:\/\/www.irta.cat\/es\/\",\"name\":\"IRTA\",\"description\":\"Institut de Recerca i Tecnologia Agroaliment\u00e0ries\",\"publisher\":{\"@id\":\"https:\/\/www.irta.cat\/es\/#organization\"},\"alternateName\":\"%%sitename%% %%sep%% %%title%%\",\"potentialAction\":[{\"@type\":\"SearchAction\",\"target\":{\"@type\":\"EntryPoint\",\"urlTemplate\":\"https:\/\/www.irta.cat\/es\/?s={search_term_string}\"},\"query-input\":{\"@type\":\"PropertyValueSpecification\",\"valueRequired\":true,\"valueName\":\"search_term_string\"}}],\"inLanguage\":\"es\"},{\"@type\":\"Organization\",\"@id\":\"https:\/\/www.irta.cat\/es\/#organization\",\"name\":\"IRTA\",\"url\":\"https:\/\/www.irta.cat\/es\/\",\"logo\":{\"@type\":\"ImageObject\",\"inLanguage\":\"es\",\"@id\":\"https:\/\/www.irta.cat\/es\/#\/schema\/logo\/image\/\",\"url\":\"https:\/\/www.irta.cat\/wp-content\/uploads\/2023\/04\/Logo-IRTA-verm.png\",\"contentUrl\":\"https:\/\/www.irta.cat\/wp-content\/uploads\/2023\/04\/Logo-IRTA-verm.png\",\"width\":1250,\"height\":500,\"caption\":\"IRTA\"},\"image\":{\"@id\":\"https:\/\/www.irta.cat\/es\/#\/schema\/logo\/image\/\"},\"sameAs\":[\"https:\/\/www.facebook.com\/irtacat\",\"https:\/\/x.com\/irtacat\"]}]}<\/script>\r\n<!-- \/ Yoast SEO plugin. -->","yoast_head_json":{"title":"Innovaci\u00f3n y talento: as\u00ed hemos premiado a las startups en los Food &amp; Hospitality Startups Awards de Alimentaria+Hostelco &#187; IRTA","robots":{"index":"index","follow":"follow","max-snippet":"max-snippet:-1","max-image-preview":"max-image-preview:large","max-video-preview":"max-video-preview:-1"},"canonical":"https:\/\/www.irta.cat\/es\/noticia\/innovacion-y-talento-asi-hemos-premiado-a-las-startups-en-los-food-hospitality-startups-awards-de-alimentariahostelco\/","og_locale":"es_ES","og_type":"article","og_title":"Innovaci\u00f3n y talento: as\u00ed hemos premiado a las startups en los Food &amp; Hospitality Startups Awards de Alimentaria+Hostelco &#187; IRTA","og_description":"Nuestro director general, Josep Usall, preside el jurado que ha premiado las iniciativas con mayor proyecci\u00f3n e innovaci\u00f3n En el marco de la feria Alimentaria+Hostelco 2026, que comenz\u00f3 este lunes, esta tarde de martes hemos celebrado uno de los momentos m\u00e1s esperados del espacio Food &amp; Hospitality Startups (F&amp;HS): la entrega de los Food &amp; [&hellip;]","og_url":"https:\/\/www.irta.cat\/es\/noticia\/innovacion-y-talento-asi-hemos-premiado-a-las-startups-en-los-food-hospitality-startups-awards-de-alimentariahostelco\/","og_site_name":"IRTA","article_publisher":"https:\/\/www.facebook.com\/irtacat","article_modified_time":"2026-03-27T11:53:40+00:00","og_image":[{"width":1600,"height":1066,"url":"https:\/\/www.irta.cat\/wp-content\/uploads\/2026\/03\/Guanyadors-premi-startups.jpeg","type":"image\/jpeg"}],"twitter_card":"summary_large_image","twitter_site":"@irtacat","twitter_misc":{"Tiempo de lectura":"10 minutos"},"schema":{"@context":"https:\/\/schema.org","@graph":[{"@type":"WebPage","@id":"https:\/\/www.irta.cat\/es\/noticia\/innovacion-y-talento-asi-hemos-premiado-a-las-startups-en-los-food-hospitality-startups-awards-de-alimentariahostelco\/","url":"https:\/\/www.irta.cat\/es\/noticia\/innovacion-y-talento-asi-hemos-premiado-a-las-startups-en-los-food-hospitality-startups-awards-de-alimentariahostelco\/","name":"Innovaci\u00f3n y talento: as\u00ed hemos premiado a las startups en los Food &amp; Hospitality Startups Awards de Alimentaria+Hostelco &#187; IRTA","isPartOf":{"@id":"https:\/\/www.irta.cat\/es\/#website"},"primaryImageOfPage":{"@id":"https:\/\/www.irta.cat\/es\/noticia\/innovacion-y-talento-asi-hemos-premiado-a-las-startups-en-los-food-hospitality-startups-awards-de-alimentariahostelco\/#primaryimage"},"image":{"@id":"https:\/\/www.irta.cat\/es\/noticia\/innovacion-y-talento-asi-hemos-premiado-a-las-startups-en-los-food-hospitality-startups-awards-de-alimentariahostelco\/#primaryimage"},"thumbnailUrl":"https:\/\/www.irta.cat\/wp-content\/uploads\/2026\/03\/Guanyadors-premi-startups.jpeg","datePublished":"2026-03-24T16:23:21+00:00","dateModified":"2026-03-27T11:53:40+00:00","breadcrumb":{"@id":"https:\/\/www.irta.cat\/es\/noticia\/innovacion-y-talento-asi-hemos-premiado-a-las-startups-en-los-food-hospitality-startups-awards-de-alimentariahostelco\/#breadcrumb"},"inLanguage":"es","potentialAction":[{"@type":"ReadAction","target":["https:\/\/www.irta.cat\/es\/noticia\/innovacion-y-talento-asi-hemos-premiado-a-las-startups-en-los-food-hospitality-startups-awards-de-alimentariahostelco\/"]}]},{"@type":"ImageObject","inLanguage":"es","@id":"https:\/\/www.irta.cat\/es\/noticia\/innovacion-y-talento-asi-hemos-premiado-a-las-startups-en-los-food-hospitality-startups-awards-de-alimentariahostelco\/#primaryimage","url":"https:\/\/www.irta.cat\/wp-content\/uploads\/2026\/03\/Guanyadors-premi-startups.jpeg","contentUrl":"https:\/\/www.irta.cat\/wp-content\/uploads\/2026\/03\/Guanyadors-premi-startups.jpeg","width":1600,"height":1066},{"@type":"BreadcrumbList","@id":"https:\/\/www.irta.cat\/es\/noticia\/innovacion-y-talento-asi-hemos-premiado-a-las-startups-en-los-food-hospitality-startups-awards-de-alimentariahostelco\/#breadcrumb","itemListElement":[{"@type":"ListItem","position":1,"name":"Inici","item":"https:\/\/www.irta.cat\/es\/"},{"@type":"ListItem","position":2,"name":"Innovaci\u00f3n y talento: as\u00ed hemos premiado a las startups en los Food &amp; Hospitality Startups Awards de Alimentaria+Hostelco"}]},{"@type":"WebSite","@id":"https:\/\/www.irta.cat\/es\/#website","url":"https:\/\/www.irta.cat\/es\/","name":"IRTA","description":"Institut de Recerca i Tecnologia Agroaliment\u00e0ries","publisher":{"@id":"https:\/\/www.irta.cat\/es\/#organization"},"alternateName":"%%sitename%% %%sep%% %%title%%","potentialAction":[{"@type":"SearchAction","target":{"@type":"EntryPoint","urlTemplate":"https:\/\/www.irta.cat\/es\/?s={search_term_string}"},"query-input":{"@type":"PropertyValueSpecification","valueRequired":true,"valueName":"search_term_string"}}],"inLanguage":"es"},{"@type":"Organization","@id":"https:\/\/www.irta.cat\/es\/#organization","name":"IRTA","url":"https:\/\/www.irta.cat\/es\/","logo":{"@type":"ImageObject","inLanguage":"es","@id":"https:\/\/www.irta.cat\/es\/#\/schema\/logo\/image\/","url":"https:\/\/www.irta.cat\/wp-content\/uploads\/2023\/04\/Logo-IRTA-verm.png","contentUrl":"https:\/\/www.irta.cat\/wp-content\/uploads\/2023\/04\/Logo-IRTA-verm.png","width":1250,"height":500,"caption":"IRTA"},"image":{"@id":"https:\/\/www.irta.cat\/es\/#\/schema\/logo\/image\/"},"sameAs":["https:\/\/www.facebook.com\/irtacat","https:\/\/x.com\/irtacat"]}]}},"_links":{"self":[{"href":"https:\/\/www.irta.cat\/es\/wp-json\/wp\/v2\/noticia\/135321","targetHints":{"allow":["GET"]}}],"collection":[{"href":"https:\/\/www.irta.cat\/es\/wp-json\/wp\/v2\/noticia"}],"about":[{"href":"https:\/\/www.irta.cat\/es\/wp-json\/wp\/v2\/types\/noticia"}],"version-history":[{"count":3,"href":"https:\/\/www.irta.cat\/es\/wp-json\/wp\/v2\/noticia\/135321\/revisions"}],"predecessor-version":[{"id":135385,"href":"https:\/\/www.irta.cat\/es\/wp-json\/wp\/v2\/noticia\/135321\/revisions\/135385"}],"wp:featuredmedia":[{"embeddable":true,"href":"https:\/\/www.irta.cat\/es\/wp-json\/wp\/v2\/media\/135015"}],"wp:attachment":[{"href":"https:\/\/www.irta.cat\/es\/wp-json\/wp\/v2\/media?parent=135321"}],"wp:term":[{"taxonomy":"categoria_noticia","embeddable":true,"href":"https:\/\/www.irta.cat\/es\/wp-json\/wp\/v2\/categoria_noticia?post=135321"},{"taxonomy":"etiqueta_filtrar_noticia","embeddable":true,"href":"https:\/\/www.irta.cat\/es\/wp-json\/wp\/v2\/etiqueta_filtrar_noticia?post=135321"}],"curies":[{"name":"wp","href":"https:\/\/api.w.org\/{rel}","templated":true}]}}