{"id":58699,"date":"2019-09-20T09:13:32","date_gmt":"2019-09-20T07:13:32","guid":{"rendered":"https:\/\/www.irta.cat\/noticia\/huesca-will-host-the-porc-dor-2019-awards\/"},"modified":"2024-11-06T09:43:01","modified_gmt":"2024-11-06T08:43:01","slug":"huesca-will-host-the-porc-dor-2019-awards","status":"publish","type":"noticia","link":"https:\/\/www.irta.cat\/en\/noticia\/huesca-will-host-the-porc-dor-2019-awards\/","title":{"rendered":"Huesca will host the Porc d\u2019Or 2019 awards"},"content":{"rendered":"\n<ul>\n<li><strong>On November 29 Huesca will host the XXVI edition of the prestigious awards for excellence in pig production<\/strong><\/li>\n<\/ul>\n<p>The Institute of Agri-Food Research and Technology (IRTA) has launched a new edition of the prestigious Porc d&#8217;Or awards for excellence in pork production. The XXVI gala of those already known as &#8220;Oscars del porcino&#8221; will take place in Huesca, in the Palacio de Congresos of this city, on November 29. This day Huesca will become the neuralgic center of the porcine gathering more than 800 professionals of the sector.<\/p>\n<p><br \/>The gala of the Porc d&#8217;Or awards, of itinerant character, has been held in more than six different provinces, all of them with a common element: its great livestock tradition. Something that also identifies Huesca that, with its more than four million of pigs, of which about 220,000 are breeding sows, it is only surpassed in census by the province of Lleida *.<\/p>\n<p><br \/>One more edition, the awards have the unconditional support of the company Zoetis, which has accompanied IRTA in the celebration and delivery of the awards during these 26 years, in addition to having the Interprofessional (Interporc) as a co-organizer.<\/p>\n<p><strong><br \/>Selected the best pig farms of 2019<\/strong><\/p>\n<p>\u00a0<\/p>\n<p>Last Friday, July 12, the jury of the Porc d&#8217;Or awards met at the IRTA headquarters in Lleida to decide on the 120 nominations and the 45 winners, from more than 800 farms and 900,000 breeding sows adhered to the BDporc (Bank of Reference of the Spanish Pig sector), based on the regulatory criteria and the Porc d&#8217;Or awards regulations.<\/p>\n<p><br \/>In this way, the Porc d&#8217;Or awards are granted to the farms that periodically send their data to BDporc, according to the criteria of Longevity (LG), Birth Rate (TP) and Numerical Productivity (PN). The aspirant farms belong to five different categories depending on the census in the farm (1st to 200 sows, 2nd from 201 to 500 sows, 3rd from 501 to 1,000 sows, 4th from 1,001 to 2,000 sows and 5th over 2,001 sows). Eight farms are nominated for each criterion in each category, resulting in a total of 120 nominations. In the case of the winners, a gold, silver and bronze statuette is awarded to the first, second and third place, respectively, for each criterion and category, adding the total of the 45 prizes.<\/p>\n<p><br \/>To these 45 awards we must add the three special awards that highlight outstanding characteristics of the farms, such for their measures of animal welfare, sustainability, innovation and efficiency. These awards are: the Porc d&#8217;Or with Diamond; the Porc d&#8217;Or of the MAPA to &#8220;Health, Animal Welfare and Environment&#8221;; and the Porc d&#8217;Or Zoetis to Innovation.<\/p>\n<p><br \/>The jury in charge of determining which farms are nominated for the prizes and which will be awarded is made up of personalities of recognized prestige in the swine industry, livestock and administration.<\/p>\n<p><br \/>The members of the jury that met for this XXVI edition of the Porc d&#8217;Or awards were: Pilar Le\u00f3n, Josefa Lueso, Pablo Bernardos and Jes\u00fas Salas, of the Ministry of Agriculture, Fisheries and Food (MAPA); Quim Xifra and Montserrat \u00c1lamos, from the Department of Agriculture, Livestock and Fisheries of the Generalitat de Catalunya (DARP); Jordi Baliellas, of the Interprofessional of Porcino de Capa Blanca (INTERPORC); Miguel \u00c1ngel Higuera, of the National Association of Porcine Cattle Producers (ANPROGAPOR); Adoraci\u00f3n Llorente, from the National Association of Swine Cattle Breeders (ANPS); Abelardo L\u00f3pez, of the Galician Association of Porcine Veterinarians (AGAVEPOR); Gerardo Blanco, from the University of Lleida (UdL); Antonio Palomo, from the Complutense University of Madrid (UCM); Mariv\u00ed Falceto, from the University of Zaragoza (UNIZAR); Javier Abad\u00edas, from the leading animal health company Zoetis; the consultant Carlos Pi\u00f1eiro; and Raquel Quintanilla, Nuria Al\u00f2s and Pedro L\u00f3pez, on behalf of IRTA.<\/p>\n<p><br \/>* Livestock Survey November 2018. MAPA.<\/p>\n","protected":false},"featured_media":15741,"template":"","categoria_noticia":[],"etiqueta_filtrar_noticia":[],"class_list":["post-58699","noticia","type-noticia","status-publish","has-post-thumbnail","hentry"],"acf":[],"yoast_head":"<!-- This site is optimized with the Yoast SEO plugin v26.6 - https:\/\/yoast.com\/wordpress\/plugins\/seo\/ -->\r\n<title>Huesca will host the Porc d\u2019Or 2019 awards &#187; IRTA<\/title>\r\n<meta name=\"robots\" content=\"index, follow, max-snippet:-1, max-image-preview:large, max-video-preview:-1\" \/>\r\n<link rel=\"canonical\" href=\"https:\/\/www.irta.cat\/en\/noticia\/huesca-will-host-the-porc-dor-2019-awards\/\" \/>\r\n<meta property=\"og:locale\" content=\"en_US\" \/>\r\n<meta property=\"og:type\" content=\"article\" \/>\r\n<meta property=\"og:title\" content=\"Huesca will host the Porc d\u2019Or 2019 awards &#187; IRTA\" \/>\r\n<meta property=\"og:url\" content=\"https:\/\/www.irta.cat\/en\/noticia\/huesca-will-host-the-porc-dor-2019-awards\/\" \/>\r\n<meta property=\"og:site_name\" content=\"IRTA\" \/>\r\n<meta property=\"article:publisher\" content=\"https:\/\/www.facebook.com\/irtacat\" \/>\r\n<meta property=\"article:modified_time\" content=\"2024-11-06T08:43:01+00:00\" \/>\r\n<meta property=\"og:image\" content=\"https:\/\/www.irta.cat\/wp-content\/uploads\/2023\/01\/LOGO-2019.jpg\" \/>\r\n\t<meta property=\"og:image:width\" content=\"708\" \/>\r\n\t<meta property=\"og:image:height\" content=\"243\" \/>\r\n\t<meta property=\"og:image:type\" content=\"image\/jpeg\" \/>\r\n<meta name=\"twitter:card\" content=\"summary_large_image\" \/>\r\n<meta name=\"twitter:site\" content=\"@irtacat\" \/>\r\n<meta name=\"twitter:label1\" content=\"Est. reading time\" \/>\n\t<meta name=\"twitter:data1\" content=\"3 minutes\" \/>\r\n<script type=\"application\/ld+json\" class=\"yoast-schema-graph\">{\"@context\":\"https:\/\/schema.org\",\"@graph\":[{\"@type\":\"WebPage\",\"@id\":\"https:\/\/www.irta.cat\/en\/noticia\/huesca-will-host-the-porc-dor-2019-awards\/\",\"url\":\"https:\/\/www.irta.cat\/en\/noticia\/huesca-will-host-the-porc-dor-2019-awards\/\",\"name\":\"Huesca will host the Porc d\u2019Or 2019 awards &#187; IRTA\",\"isPartOf\":{\"@id\":\"https:\/\/www.irta.cat\/en\/#website\"},\"primaryImageOfPage\":{\"@id\":\"https:\/\/www.irta.cat\/en\/noticia\/huesca-will-host-the-porc-dor-2019-awards\/#primaryimage\"},\"image\":{\"@id\":\"https:\/\/www.irta.cat\/en\/noticia\/huesca-will-host-the-porc-dor-2019-awards\/#primaryimage\"},\"thumbnailUrl\":\"https:\/\/www.irta.cat\/wp-content\/uploads\/2023\/01\/LOGO-2019.jpg\",\"datePublished\":\"2019-09-20T07:13:32+00:00\",\"dateModified\":\"2024-11-06T08:43:01+00:00\",\"breadcrumb\":{\"@id\":\"https:\/\/www.irta.cat\/en\/noticia\/huesca-will-host-the-porc-dor-2019-awards\/#breadcrumb\"},\"inLanguage\":\"en-US\",\"potentialAction\":[{\"@type\":\"ReadAction\",\"target\":[\"https:\/\/www.irta.cat\/en\/noticia\/huesca-will-host-the-porc-dor-2019-awards\/\"]}]},{\"@type\":\"ImageObject\",\"inLanguage\":\"en-US\",\"@id\":\"https:\/\/www.irta.cat\/en\/noticia\/huesca-will-host-the-porc-dor-2019-awards\/#primaryimage\",\"url\":\"https:\/\/www.irta.cat\/wp-content\/uploads\/2023\/01\/LOGO-2019.jpg\",\"contentUrl\":\"https:\/\/www.irta.cat\/wp-content\/uploads\/2023\/01\/LOGO-2019.jpg\",\"width\":708,\"height\":243},{\"@type\":\"BreadcrumbList\",\"@id\":\"https:\/\/www.irta.cat\/en\/noticia\/huesca-will-host-the-porc-dor-2019-awards\/#breadcrumb\",\"itemListElement\":[{\"@type\":\"ListItem\",\"position\":1,\"name\":\"Inici\",\"item\":\"https:\/\/www.irta.cat\/en\/\"},{\"@type\":\"ListItem\",\"position\":2,\"name\":\"Huesca will host the Porc d\u2019Or 2019 awards\"}]},{\"@type\":\"WebSite\",\"@id\":\"https:\/\/www.irta.cat\/en\/#website\",\"url\":\"https:\/\/www.irta.cat\/en\/\",\"name\":\"IRTA\",\"description\":\"Institut de Recerca i Tecnologia Agroaliment\u00e0ries\",\"publisher\":{\"@id\":\"https:\/\/www.irta.cat\/en\/#organization\"},\"alternateName\":\"%%sitename%% %%sep%% %%title%%\",\"potentialAction\":[{\"@type\":\"SearchAction\",\"target\":{\"@type\":\"EntryPoint\",\"urlTemplate\":\"https:\/\/www.irta.cat\/en\/?s={search_term_string}\"},\"query-input\":{\"@type\":\"PropertyValueSpecification\",\"valueRequired\":true,\"valueName\":\"search_term_string\"}}],\"inLanguage\":\"en-US\"},{\"@type\":\"Organization\",\"@id\":\"https:\/\/www.irta.cat\/en\/#organization\",\"name\":\"IRTA\",\"url\":\"https:\/\/www.irta.cat\/en\/\",\"logo\":{\"@type\":\"ImageObject\",\"inLanguage\":\"en-US\",\"@id\":\"https:\/\/www.irta.cat\/en\/#\/schema\/logo\/image\/\",\"url\":\"https:\/\/www.irta.cat\/wp-content\/uploads\/2023\/04\/Logo-IRTA-verm.png\",\"contentUrl\":\"https:\/\/www.irta.cat\/wp-content\/uploads\/2023\/04\/Logo-IRTA-verm.png\",\"width\":1250,\"height\":500,\"caption\":\"IRTA\"},\"image\":{\"@id\":\"https:\/\/www.irta.cat\/en\/#\/schema\/logo\/image\/\"},\"sameAs\":[\"https:\/\/www.facebook.com\/irtacat\",\"https:\/\/x.com\/irtacat\"]}]}<\/script>\r\n<!-- \/ Yoast SEO plugin. -->","yoast_head_json":{"title":"Huesca will host the Porc d\u2019Or 2019 awards &#187; IRTA","robots":{"index":"index","follow":"follow","max-snippet":"max-snippet:-1","max-image-preview":"max-image-preview:large","max-video-preview":"max-video-preview:-1"},"canonical":"https:\/\/www.irta.cat\/en\/noticia\/huesca-will-host-the-porc-dor-2019-awards\/","og_locale":"en_US","og_type":"article","og_title":"Huesca will host the Porc d\u2019Or 2019 awards &#187; IRTA","og_url":"https:\/\/www.irta.cat\/en\/noticia\/huesca-will-host-the-porc-dor-2019-awards\/","og_site_name":"IRTA","article_publisher":"https:\/\/www.facebook.com\/irtacat","article_modified_time":"2024-11-06T08:43:01+00:00","og_image":[{"width":708,"height":243,"url":"https:\/\/www.irta.cat\/wp-content\/uploads\/2023\/01\/LOGO-2019.jpg","type":"image\/jpeg"}],"twitter_card":"summary_large_image","twitter_site":"@irtacat","twitter_misc":{"Est. reading time":"3 minutes"},"schema":{"@context":"https:\/\/schema.org","@graph":[{"@type":"WebPage","@id":"https:\/\/www.irta.cat\/en\/noticia\/huesca-will-host-the-porc-dor-2019-awards\/","url":"https:\/\/www.irta.cat\/en\/noticia\/huesca-will-host-the-porc-dor-2019-awards\/","name":"Huesca will host the Porc d\u2019Or 2019 awards &#187; IRTA","isPartOf":{"@id":"https:\/\/www.irta.cat\/en\/#website"},"primaryImageOfPage":{"@id":"https:\/\/www.irta.cat\/en\/noticia\/huesca-will-host-the-porc-dor-2019-awards\/#primaryimage"},"image":{"@id":"https:\/\/www.irta.cat\/en\/noticia\/huesca-will-host-the-porc-dor-2019-awards\/#primaryimage"},"thumbnailUrl":"https:\/\/www.irta.cat\/wp-content\/uploads\/2023\/01\/LOGO-2019.jpg","datePublished":"2019-09-20T07:13:32+00:00","dateModified":"2024-11-06T08:43:01+00:00","breadcrumb":{"@id":"https:\/\/www.irta.cat\/en\/noticia\/huesca-will-host-the-porc-dor-2019-awards\/#breadcrumb"},"inLanguage":"en-US","potentialAction":[{"@type":"ReadAction","target":["https:\/\/www.irta.cat\/en\/noticia\/huesca-will-host-the-porc-dor-2019-awards\/"]}]},{"@type":"ImageObject","inLanguage":"en-US","@id":"https:\/\/www.irta.cat\/en\/noticia\/huesca-will-host-the-porc-dor-2019-awards\/#primaryimage","url":"https:\/\/www.irta.cat\/wp-content\/uploads\/2023\/01\/LOGO-2019.jpg","contentUrl":"https:\/\/www.irta.cat\/wp-content\/uploads\/2023\/01\/LOGO-2019.jpg","width":708,"height":243},{"@type":"BreadcrumbList","@id":"https:\/\/www.irta.cat\/en\/noticia\/huesca-will-host-the-porc-dor-2019-awards\/#breadcrumb","itemListElement":[{"@type":"ListItem","position":1,"name":"Inici","item":"https:\/\/www.irta.cat\/en\/"},{"@type":"ListItem","position":2,"name":"Huesca will host the Porc d\u2019Or 2019 awards"}]},{"@type":"WebSite","@id":"https:\/\/www.irta.cat\/en\/#website","url":"https:\/\/www.irta.cat\/en\/","name":"IRTA","description":"Institut de Recerca i Tecnologia Agroaliment\u00e0ries","publisher":{"@id":"https:\/\/www.irta.cat\/en\/#organization"},"alternateName":"%%sitename%% %%sep%% %%title%%","potentialAction":[{"@type":"SearchAction","target":{"@type":"EntryPoint","urlTemplate":"https:\/\/www.irta.cat\/en\/?s={search_term_string}"},"query-input":{"@type":"PropertyValueSpecification","valueRequired":true,"valueName":"search_term_string"}}],"inLanguage":"en-US"},{"@type":"Organization","@id":"https:\/\/www.irta.cat\/en\/#organization","name":"IRTA","url":"https:\/\/www.irta.cat\/en\/","logo":{"@type":"ImageObject","inLanguage":"en-US","@id":"https:\/\/www.irta.cat\/en\/#\/schema\/logo\/image\/","url":"https:\/\/www.irta.cat\/wp-content\/uploads\/2023\/04\/Logo-IRTA-verm.png","contentUrl":"https:\/\/www.irta.cat\/wp-content\/uploads\/2023\/04\/Logo-IRTA-verm.png","width":1250,"height":500,"caption":"IRTA"},"image":{"@id":"https:\/\/www.irta.cat\/en\/#\/schema\/logo\/image\/"},"sameAs":["https:\/\/www.facebook.com\/irtacat","https:\/\/x.com\/irtacat"]}]}},"_links":{"self":[{"href":"https:\/\/www.irta.cat\/en\/wp-json\/wp\/v2\/noticia\/58699","targetHints":{"allow":["GET"]}}],"collection":[{"href":"https:\/\/www.irta.cat\/en\/wp-json\/wp\/v2\/noticia"}],"about":[{"href":"https:\/\/www.irta.cat\/en\/wp-json\/wp\/v2\/types\/noticia"}],"version-history":[{"count":0,"href":"https:\/\/www.irta.cat\/en\/wp-json\/wp\/v2\/noticia\/58699\/revisions"}],"wp:featuredmedia":[{"embeddable":true,"href":"https:\/\/www.irta.cat\/en\/wp-json\/wp\/v2\/media\/15741"}],"wp:attachment":[{"href":"https:\/\/www.irta.cat\/en\/wp-json\/wp\/v2\/media?parent=58699"}],"wp:term":[{"taxonomy":"categoria_noticia","embeddable":true,"href":"https:\/\/www.irta.cat\/en\/wp-json\/wp\/v2\/categoria_noticia?post=58699"},{"taxonomy":"etiqueta_filtrar_noticia","embeddable":true,"href":"https:\/\/www.irta.cat\/en\/wp-json\/wp\/v2\/etiqueta_filtrar_noticia?post=58699"}],"curies":[{"name":"wp","href":"https:\/\/api.w.org\/{rel}","templated":true}]}}